{"id":9110,"date":"2021-04-30T14:24:00","date_gmt":"2021-04-30T11:24:00","guid":{"rendered":"https:\/\/www.hilaro.ee\/wordpress\/?p=9110"},"modified":"2021-12-20T14:30:39","modified_gmt":"2021-12-20T12:30:39","slug":"hilaro-koor-on-dirigendile-kui-oma-laps","status":"publish","type":"post","link":"https:\/\/www.hilaro.ee\/wordpress\/2021\/04\/hilaro-koor-on-dirigendile-kui-oma-laps\/","title":{"rendered":"Hilaro koor on dirigendile kui oma laps"},"content":{"rendered":"<section  class='av_textblock_section av-kxen8qun-6de6f117ca5116384ea4e59fb116e25a '   itemscope=\"itemscope\" itemtype=\"https:\/\/schema.org\/BlogPosting\" itemprop=\"blogPost\" ><div class='avia_textblock'  itemprop=\"text\" ><p>L\u00f5una-Eesti Postimees kirjutab:<\/p>\n<p><strong>V\u00f5rus tegutseb juba mituk\u00fcmmend aastat segakoor Hilaro, mille ladinakeelne nimi t\u00e4hendab \u00abr\u00f5\u00f5msamaks, l\u00f5busamaks muutma\u00bb v\u00f5i \u00abmeelt lahutama\u00bb. Koori eestvedajad leidsid nime ladina-eesti s\u00f5naraamatust, kui see juhusliku koha pealt lahti l\u00f6\u00f6di.<\/strong><\/p>\n<p>Hilaro koor s\u00fcndis noortest, kes p\u00e4rast \u00f5pingute l\u00f5ppu hakkasid kodukanti tagasi tulema. \u00abPeas\u00fc\u00fcdlaseks\u00bb v\u00f5ib nimetada koori dirigenti Silja Otsarit, kes p\u00e4rast Tallinna Riikliku Konservatooriumi l\u00f5petamist 23-aastasena V\u00f5rumaale oma kodukohta naasis.<\/p>\n<\/div><\/section>\n<div  class='avia-button-wrap av-kxenat9a-00c8d613c5633b28819233da114ee815-wrap avia-button-center  avia-builder-el-1  el_after_av_textblock  avia-builder-el-last '><a href='https:\/\/lounapostimees.postimees.ee\/7236872\/hilaro-koor-on-dirigendile-kui-oma-laps' class='avia-button av-kxenat9a-00c8d613c5633b28819233da114ee815 av-link-btn avia-icon_select-yes-left-icon avia-size-small avia-position-center avia-color-theme-color' target=\"_blank\" rel=\"noopener noreferrer\" aria-label=\"Loe edasi L\u00f5una-Eesti Postimehest...\"><span class='avia_button_icon avia_button_icon_left' aria-hidden='true' data-av_icon='\ue84e' data-av_iconfont='entypo-fontello'><\/span><span class='avia_iconbox_title' >Loe edasi L\u00f5una-Eesti Postimehest...<\/span><\/a><\/div>\n","protected":false},"excerpt":{"rendered":"<p>L\u00f5una-Eesti Postimees kirjutab:<\/p>\n<p>V\u00f5rus tegutseb juba mituk\u00fcmmend aastat segakoor Hilaro, mille ladinakeelne nimi t\u00e4hendab \u00abr\u00f5\u00f5msamaks, l\u00f5busamaks muutma\u00bb v\u00f5i \u00abmeelt lahutama\u00bb. Koori eestvedajad leidsid nime ladina-eesti s\u00f5naraamatust, kui see juhusliku koha pealt lahti l\u00f6\u00f6di.<\/p>\n","protected":false},"author":1,"featured_media":9111,"comment_status":"open","ping_status":"open","sticky":false,"template":"","format":"standard","meta":{"footnotes":""},"categories":[1],"tags":[112,113],"class_list":["post-9110","post","type-post","status-publish","format-standard","has-post-thumbnail","hentry","category-uudised","tag-112","tag-press"],"_links":{"self":[{"href":"https:\/\/www.hilaro.ee\/wordpress\/wp-json\/wp\/v2\/posts\/9110"}],"collection":[{"href":"https:\/\/www.hilaro.ee\/wordpress\/wp-json\/wp\/v2\/posts"}],"about":[{"href":"https:\/\/www.hilaro.ee\/wordpress\/wp-json\/wp\/v2\/types\/post"}],"author":[{"embeddable":true,"href":"https:\/\/www.hilaro.ee\/wordpress\/wp-json\/wp\/v2\/users\/1"}],"replies":[{"embeddable":true,"href":"https:\/\/www.hilaro.ee\/wordpress\/wp-json\/wp\/v2\/comments?post=9110"}],"version-history":[{"count":1,"href":"https:\/\/www.hilaro.ee\/wordpress\/wp-json\/wp\/v2\/posts\/9110\/revisions"}],"predecessor-version":[{"id":9112,"href":"https:\/\/www.hilaro.ee\/wordpress\/wp-json\/wp\/v2\/posts\/9110\/revisions\/9112"}],"wp:featuredmedia":[{"embeddable":true,"href":"https:\/\/www.hilaro.ee\/wordpress\/wp-json\/wp\/v2\/media\/9111"}],"wp:attachment":[{"href":"https:\/\/www.hilaro.ee\/wordpress\/wp-json\/wp\/v2\/media?parent=9110"}],"wp:term":[{"taxonomy":"category","embeddable":true,"href":"https:\/\/www.hilaro.ee\/wordpress\/wp-json\/wp\/v2\/categories?post=9110"},{"taxonomy":"post_tag","embeddable":true,"href":"https:\/\/www.hilaro.ee\/wordpress\/wp-json\/wp\/v2\/tags?post=9110"}],"curies":[{"name":"wp","href":"https:\/\/api.w.org\/{rel}","templated":true}]}}