{"id":5429,"date":"2017-12-02T21:00:55","date_gmt":"2017-12-02T19:00:55","guid":{"rendered":"http:\/\/www.hilaro.ee\/?p=5429"},"modified":"2017-12-03T10:37:32","modified_gmt":"2017-12-03T08:37:32","slug":"jouluootuse-kontsert-kandles","status":"publish","type":"post","link":"https:\/\/www.hilaro.ee\/wordpress\/2017\/12\/jouluootuse-kontsert-kandles\/","title":{"rendered":"J\u00f5uluootuse kontsert Kandles"},"content":{"rendered":"<p><strong>Laup\u00e4eval, 2. detsembril 2017<\/strong> andis Hilaro V\u00f5ru Kandles \u00fchise kontserdi koos Tallinnast k\u00fclla s\u00f5itnud Vanalinna Segakooriga.<br \/>\nLisaks eraldi esitatud kavadele lauldi kaks laulu ka \u00fchise seitsmek\u00fcmneliikmelise segakoorina.<\/p>\n<div id=\"attachment_5430\" style=\"width: 310px\" class=\"wp-caption alignleft\"><a href=\"http:\/\/www.hilaro.ee\/wordpress\/wp-content\/uploads\/2017\/12\/5D3_0572_500px_hilaro.jpg\"><img loading=\"lazy\" decoding=\"async\" aria-describedby=\"caption-attachment-5430\" src=\"http:\/\/www.hilaro.ee\/wordpress\/wp-content\/uploads\/2017\/12\/5D3_0572_500px_hilaro-300x200.jpg\" alt=\"\" width=\"300\" height=\"200\" class=\"wpimgload size-medium wp-image-5430\" srcset=\"https:\/\/www.hilaro.ee\/wordpress\/wp-content\/uploads\/2017\/12\/5D3_0572_500px_hilaro-300x200.jpg 300w, https:\/\/www.hilaro.ee\/wordpress\/wp-content\/uploads\/2017\/12\/5D3_0572_500px_hilaro-768x512.jpg 768w, https:\/\/www.hilaro.ee\/wordpress\/wp-content\/uploads\/2017\/12\/5D3_0572_500px_hilaro-1024x682.jpg 1024w, https:\/\/www.hilaro.ee\/wordpress\/wp-content\/uploads\/2017\/12\/5D3_0572_500px_hilaro.jpg 1400w\" sizes=\"(max-width: 300px) 100vw, 300px\" \/><\/a><p id=\"caption-attachment-5430\" class=\"wp-caption-text\">Segakoor Hilaro<\/p><\/div>\n<div id=\"attachment_5431\" style=\"width: 310px\" class=\"wp-caption alignleft\"><a href=\"http:\/\/www.hilaro.ee\/wordpress\/wp-content\/uploads\/2017\/12\/5D3_0634_500px_hilaro.jpg\"><img loading=\"lazy\" decoding=\"async\" aria-describedby=\"caption-attachment-5431\" src=\"http:\/\/www.hilaro.ee\/wordpress\/wp-content\/uploads\/2017\/12\/5D3_0634_500px_hilaro-300x200.jpg\" alt=\"\" width=\"300\" height=\"200\" class=\"wpimgload size-medium wp-image-5431\" srcset=\"https:\/\/www.hilaro.ee\/wordpress\/wp-content\/uploads\/2017\/12\/5D3_0634_500px_hilaro-300x200.jpg 300w, https:\/\/www.hilaro.ee\/wordpress\/wp-content\/uploads\/2017\/12\/5D3_0634_500px_hilaro-768x512.jpg 768w, https:\/\/www.hilaro.ee\/wordpress\/wp-content\/uploads\/2017\/12\/5D3_0634_500px_hilaro-1024x682.jpg 1024w, https:\/\/www.hilaro.ee\/wordpress\/wp-content\/uploads\/2017\/12\/5D3_0634_500px_hilaro.jpg 1400w\" sizes=\"(max-width: 300px) 100vw, 300px\" \/><\/a><p id=\"caption-attachment-5431\" class=\"wp-caption-text\">Vanalinna Segakoor<\/p><\/div>\n<div id=\"attachment_5432\" style=\"width: 310px\" class=\"wp-caption alignleft\"><a href=\"http:\/\/www.hilaro.ee\/wordpress\/wp-content\/uploads\/2017\/12\/5D3_0658_500px_hilaro.jpg\"><img loading=\"lazy\" decoding=\"async\" aria-describedby=\"caption-attachment-5432\" src=\"http:\/\/www.hilaro.ee\/wordpress\/wp-content\/uploads\/2017\/12\/5D3_0658_500px_hilaro-300x159.jpg\" alt=\"\" width=\"300\" height=\"159\" class=\"wpimgload size-medium wp-image-5432\" srcset=\"https:\/\/www.hilaro.ee\/wordpress\/wp-content\/uploads\/2017\/12\/5D3_0658_500px_hilaro-300x159.jpg 300w, https:\/\/www.hilaro.ee\/wordpress\/wp-content\/uploads\/2017\/12\/5D3_0658_500px_hilaro-768x407.jpg 768w, https:\/\/www.hilaro.ee\/wordpress\/wp-content\/uploads\/2017\/12\/5D3_0658_500px_hilaro-1024x543.jpg 1024w, https:\/\/www.hilaro.ee\/wordpress\/wp-content\/uploads\/2017\/12\/5D3_0658_500px_hilaro.jpg 1400w\" sizes=\"(max-width: 300px) 100vw, 300px\" \/><\/a><p id=\"caption-attachment-5432\" class=\"wp-caption-text\">Segakoor Hilaro ja Vanalinna Segakoor<\/p><\/div>\n<p>[hr]<\/p>\n","protected":false},"excerpt":{"rendered":"<p>Laup\u00e4eval, 2. detsembril 2017 andis Hilaro V\u00f5ru Kandles \u00fchise kontserdi koos Tallinnast k\u00fclla s\u00f5itnud Vanalinna Segakooriga. Lisaks eraldi esitatud kavadele lauldi kaks laulu ka \u00fchise seitsmek\u00fcmneliikmelise segakoorina. [hr]<\/p>\n","protected":false},"author":1,"featured_media":0,"comment_status":"open","ping_status":"open","sticky":false,"template":"","format":"standard","meta":{"footnotes":""},"categories":[1],"tags":[70,28,37],"class_list":["post-5429","post","type-post","status-publish","format-standard","hentry","category-uudised","tag-70","tag-kontsert-2","tag-kroonika"],"_links":{"self":[{"href":"https:\/\/www.hilaro.ee\/wordpress\/wp-json\/wp\/v2\/posts\/5429"}],"collection":[{"href":"https:\/\/www.hilaro.ee\/wordpress\/wp-json\/wp\/v2\/posts"}],"about":[{"href":"https:\/\/www.hilaro.ee\/wordpress\/wp-json\/wp\/v2\/types\/post"}],"author":[{"embeddable":true,"href":"https:\/\/www.hilaro.ee\/wordpress\/wp-json\/wp\/v2\/users\/1"}],"replies":[{"embeddable":true,"href":"https:\/\/www.hilaro.ee\/wordpress\/wp-json\/wp\/v2\/comments?post=5429"}],"version-history":[{"count":3,"href":"https:\/\/www.hilaro.ee\/wordpress\/wp-json\/wp\/v2\/posts\/5429\/revisions"}],"predecessor-version":[{"id":5435,"href":"https:\/\/www.hilaro.ee\/wordpress\/wp-json\/wp\/v2\/posts\/5429\/revisions\/5435"}],"wp:attachment":[{"href":"https:\/\/www.hilaro.ee\/wordpress\/wp-json\/wp\/v2\/media?parent=5429"}],"wp:term":[{"taxonomy":"category","embeddable":true,"href":"https:\/\/www.hilaro.ee\/wordpress\/wp-json\/wp\/v2\/categories?post=5429"},{"taxonomy":"post_tag","embeddable":true,"href":"https:\/\/www.hilaro.ee\/wordpress\/wp-json\/wp\/v2\/tags?post=5429"}],"curies":[{"name":"wp","href":"https:\/\/api.w.org\/{rel}","templated":true}]}}