{"id":5257,"date":"2017-06-03T21:00:18","date_gmt":"2017-06-03T18:00:18","guid":{"rendered":"http:\/\/www.hilaro.ee\/?p=5257"},"modified":"2017-06-04T09:58:33","modified_gmt":"2017-06-04T06:58:33","slug":"vorumaa-laulu-ja-tantsupidu-2017","status":"publish","type":"post","link":"https:\/\/www.hilaro.ee\/wordpress\/2017\/06\/vorumaa-laulu-ja-tantsupidu-2017\/","title":{"rendered":"V\u00f5rumaa laulu- ja tantsupidu 2017"},"content":{"rendered":"<p><strong>3. juunil 2017<\/strong> toimus V\u00f5rumaa laulu- ja tantsupidu &#8220;Maailm heliseb&#8221; Kubijal. Viimaste aegade heitlik ilm j\u00e4ttis laup\u00e4eva \u00f5htuks oma trikid ning paitas V\u00f5rumaa peolisi ning vaatajaid m\u00f5nusa p\u00e4ikses\u00e4raga.<\/p>\n<p><a href=\"http:\/\/www.hilaro.ee\/wordpress\/wp-content\/uploads\/2017\/06\/GOPR8060_lalulupidu.jpg\"><img loading=\"lazy\" decoding=\"async\" src=\"http:\/\/www.hilaro.ee\/wordpress\/wp-content\/uploads\/2017\/06\/GOPR8060_lalulupidu-150x150.jpg\" alt=\"\" width=\"150\" height=\"150\" class=\"wpimgload alignleft size-thumbnail wp-image-5261 border_magic\" \/><\/a><\/p>\n<p><a href=\"http:\/\/www.hilaro.ee\/wordpress\/wp-content\/uploads\/2017\/06\/GOPR8066_lalulupidu.jpg\"><img loading=\"lazy\" decoding=\"async\" src=\"http:\/\/www.hilaro.ee\/wordpress\/wp-content\/uploads\/2017\/06\/GOPR8066_lalulupidu-150x150.jpg\" alt=\"\" width=\"150\" height=\"150\" class=\"wpimgload alignleft size-thumbnail wp-image-5260 border_magic\" \/><\/a><\/p>\n<p><a href=\"http:\/\/www.hilaro.ee\/wordpress\/wp-content\/uploads\/2017\/06\/GOPR8068_lalulupidu.jpg\"><img loading=\"lazy\" decoding=\"async\" src=\"http:\/\/www.hilaro.ee\/wordpress\/wp-content\/uploads\/2017\/06\/GOPR8068_lalulupidu-150x150.jpg\" alt=\"\" width=\"150\" height=\"150\" class=\"wpimgload alignleft size-thumbnail wp-image-5259 border_magic\" \/><\/a><\/p>\n<p><a href=\"http:\/\/www.hilaro.ee\/wordpress\/wp-content\/uploads\/2017\/06\/GOPR8042_lalulupidu.jpg\"><img loading=\"lazy\" decoding=\"async\" src=\"http:\/\/www.hilaro.ee\/wordpress\/wp-content\/uploads\/2017\/06\/GOPR8042_lalulupidu-150x150.jpg\" alt=\"\" width=\"150\" height=\"150\" class=\"wpimgload alignleft size-thumbnail wp-image-5258 border_magic\" \/><\/a><\/p>\n<p>[hr]<\/p>\n","protected":false},"excerpt":{"rendered":"<p>3. juunil 2017 toimus V\u00f5rumaa laulu- ja tantsupidu &#8220;Maailm heliseb&#8221; Kubijal. Viimaste aegade heitlik ilm j\u00e4ttis laup\u00e4eva \u00f5htuks oma trikid ning paitas V\u00f5rumaa peolisi ning vaatajaid m\u00f5nusa p\u00e4ikses\u00e4raga. [hr]<\/p>\n","protected":false},"author":1,"featured_media":0,"comment_status":"open","ping_status":"open","sticky":false,"template":"","format":"standard","meta":{"footnotes":""},"categories":[1],"tags":[70,28,37,45],"class_list":["post-5257","post","type-post","status-publish","format-standard","hentry","category-uudised","tag-70","tag-kontsert-2","tag-kroonika","tag-voru-laulupidu"],"_links":{"self":[{"href":"https:\/\/www.hilaro.ee\/wordpress\/wp-json\/wp\/v2\/posts\/5257"}],"collection":[{"href":"https:\/\/www.hilaro.ee\/wordpress\/wp-json\/wp\/v2\/posts"}],"about":[{"href":"https:\/\/www.hilaro.ee\/wordpress\/wp-json\/wp\/v2\/types\/post"}],"author":[{"embeddable":true,"href":"https:\/\/www.hilaro.ee\/wordpress\/wp-json\/wp\/v2\/users\/1"}],"replies":[{"embeddable":true,"href":"https:\/\/www.hilaro.ee\/wordpress\/wp-json\/wp\/v2\/comments?post=5257"}],"version-history":[{"count":5,"href":"https:\/\/www.hilaro.ee\/wordpress\/wp-json\/wp\/v2\/posts\/5257\/revisions"}],"predecessor-version":[{"id":5266,"href":"https:\/\/www.hilaro.ee\/wordpress\/wp-json\/wp\/v2\/posts\/5257\/revisions\/5266"}],"wp:attachment":[{"href":"https:\/\/www.hilaro.ee\/wordpress\/wp-json\/wp\/v2\/media?parent=5257"}],"wp:term":[{"taxonomy":"category","embeddable":true,"href":"https:\/\/www.hilaro.ee\/wordpress\/wp-json\/wp\/v2\/categories?post=5257"},{"taxonomy":"post_tag","embeddable":true,"href":"https:\/\/www.hilaro.ee\/wordpress\/wp-json\/wp\/v2\/tags?post=5257"}],"curies":[{"name":"wp","href":"https:\/\/api.w.org\/{rel}","templated":true}]}}