{"id":5157,"date":"2017-03-05T20:43:54","date_gmt":"2017-03-05T18:43:54","guid":{"rendered":"http:\/\/www.hilaro.ee\/?p=5157"},"modified":"2018-06-05T09:03:20","modified_gmt":"2018-06-05T06:03:20","slug":"5-uma-pido-laulude-valimine-kestab-martsi-lopuni","status":"publish","type":"post","link":"https:\/\/www.hilaro.ee\/wordpress\/2017\/03\/5-uma-pido-laulude-valimine-kestab-martsi-lopuni\/","title":{"rendered":"5. Uma Pido laulude valimine kestab m\u00e4rtsi l\u00f5puni"},"content":{"rendered":"<p>H\u00e4\u00e4&#8217; laulus\u00f5bra&#8217;!<\/p>\n<p>Joba kuu aigu om k\u00e4\u00fcn\u00fc Uma Pido laul\u00f5 valimis\u00f5 kampaania. H\u00e4\u00e4let\u00e4n\u00fc om 280 inemist kokko 9 Eesti maakunnast ja ka v\u00e4l\u00e4maalt. Aktiivs\u00f5mba omma olnu Umal Pidol k\u00e4\u00fcn\u00fc laulja&#8217; naas\u00f5&#8217; ja h\u00e4\u00e4let\u00e4n\u00fcid om k\u00f5igist vannus\u00f5grupp\u00f5st. Aituma n\u00e4ile!<\/p>\n<p>V Uma Pido laulukava tul\u00f5 just s\u00e4\u00e4ne, nigu rahvas taht &#8211; tuusjaos saa uma hel\u00fc anda eg\u00e4\u00fcts viil m\u00e4rtsikuu joosul. Kae&#8217; <a href=\"http:\/\/www.umapido.ee\/\">www.umapido.ee<\/a>!<\/p>\n<p>A taa h\u00e4\u00e4let\u00fcs ol\u00f5-i m\u00f5t\u00f5ld \u00f5nn\u00f5 lauljil\u00f5, a eg\u00e4le inemisele, kinkal\u00f5 umakandi keelen k\u00f5lava&#8217; laulu&#8217; t\u00e4hts\u00e4&#8217; omma&#8217;! Eg\u00e4 hel\u00fc lug\u00f5! Eg\u00e4\u00fcts pi\u00e4t h\u00e4\u00e4let\u00e4m\u00e4 isikligult &#8211; kahjos mi ei saa arv\u00f5sta ei rahvamaja juhi, ringijuhi, koorivan\u00f5mba jne t\u00e4\u00fcdet\u00fc ankeeti suur\u00f5mba grupi iist&#8230; Tekke&#8217; s\u00f5pru, sugulaisi vai umakandi inemiisiga hind\u00e4le juutuubi-disko (st tutvuge laul\u00f5 valikuga kuun) ja per\u00e4n andk\u00f5 eg\u00e4\u00fcts er\u00e4le hel\u00fc!<\/p>\n<p>NB Samast arvutist saa mitu k\u00f5rda h\u00e4\u00e4let\u00e4 k\u00fclh, a vahep\u00e4\u00e4l pi\u00e4t internetibrauseri kinni pandma ja 5 min uutma.<\/p>\n<p>NB Avvuhindu loositas ka eg\u00e4 n\u00e4t\u00e4l! \ud83d\ude09<\/p>\n<p>Taad teed\u00fcst v\u00f5i eg\u00e4\u00fcts edesi saata!<\/p>\n<p>Laululist kev\u00e4j\u00e4uutmist!<br \/>\nTriinu Laan<br \/>\nUma Pido vid\u00e4j\u00e4<\/p>\n<p><img decoding=\"async\" src=\"http:\/\/www.hilaro.ee\/wordpress\/wp-content\/uploads\/2017\/03\/umapido_laulu.png\" alt=\"\" width=\"600\" class=\"wpimgload alignleft size-full wp-image-5161\" srcset=\"https:\/\/www.hilaro.ee\/wordpress\/wp-content\/uploads\/2017\/03\/umapido_laulu.png 828w, https:\/\/www.hilaro.ee\/wordpress\/wp-content\/uploads\/2017\/03\/umapido_laulu-300x114.png 300w, https:\/\/www.hilaro.ee\/wordpress\/wp-content\/uploads\/2017\/03\/umapido_laulu-768x292.png 768w\" sizes=\"(max-width: 828px) 100vw, 828px\" \/><\/p>\n<p>Head laulus\u00f5brad!<\/p>\n<p>Juba kuu aega on kestnud Uma Pido laulude valimise kampaania. H\u00e4\u00e4letanud on 280 inimest kokku 9 Eesti maakonnast ja ka v\u00e4lismaalt. Aktiivsemad on olnud Umal Pidol k\u00e4inud lauljad naised ja h\u00e4\u00e4letanuid on k\u00f5igist vanusegruppidest. Ait\u00e4h neile!<\/p>\n<p>V Uma Pido laulukava tuleb just selline, nagu rahvas tahab &#8211; selleks saab oma h\u00e4\u00e4le anda iga\u00fcks veel terve m\u00e4rtsikuu jooksul. Vaata <a href=\"http:\/\/www.umapido.ee\/\">www.umapido.ee<\/a>!<\/p>\n<p>Aga see h\u00e4\u00e4letus ei ole m\u00f5eldud vaid lauljatele, vaid igale inimesele, kelle jaoks omakandi keeles k\u00f5lavad laulud t\u00e4htsad on! Iga h\u00e4\u00e4l loeb! Iga\u00fcks peab h\u00e4\u00e4letama isiklikult &#8211; kahjuks ei saa me arvestada rahvamaja juhi, ringijuhi, koorivanema jne t\u00e4idetud ankeeti suurema grupi eest eest&#8230; Tehke s\u00f5prade, sugulaste v\u00f5i omakandi inimestega juutuubi-disko (st tutvuge laulude valikuga koos) ja p\u00e4rast h\u00e4\u00e4letage iga\u00fcks eraldi!<\/p>\n<p>NB Samast arvutist saab mitu korda h\u00e4\u00e4letada k\u00fcll, aga vahepeal peab internetibrauseri kinni panema ja 5 min ootama.<\/p>\n<p>NB Avvuhindu loositakse ka iga n\u00e4dal!<\/p>\n<p>Seda infot v\u00f5ib iga\u00fcks jagada!<\/p>\n<p>Laululist kevadeootust!<br \/>\nTriinu Laan<br \/>\nUma Pido projektijuht<\/p>\n","protected":false},"excerpt":{"rendered":"<p>H\u00e4\u00e4&#8217; laulus\u00f5bra&#8217;! Joba kuu aigu om k\u00e4\u00fcn\u00fc Uma Pido laul\u00f5 valimis\u00f5 kampaania. H\u00e4\u00e4let\u00e4n\u00fc om 280 inemist kokko 9 Eesti maakunnast ja ka v\u00e4l\u00e4maalt. Aktiivs\u00f5mba omma olnu Umal Pidol k\u00e4\u00fcn\u00fc laulja&#8217; naas\u00f5&#8217; ja h\u00e4\u00e4let\u00e4n\u00fcid om k\u00f5igist vannus\u00f5grupp\u00f5st. Aituma n\u00e4ile! V Uma Pido laulukava tul\u00f5 just s\u00e4\u00e4ne, nigu rahvas taht &#8211; tuusjaos saa uma hel\u00fc anda eg\u00e4\u00fcts [&hellip;]<\/p>\n","protected":false},"author":1,"featured_media":0,"comment_status":"open","ping_status":"open","sticky":false,"template":"","format":"standard","meta":{"footnotes":""},"categories":[1],"tags":[71,32,46],"class_list":["post-5157","post","type-post","status-publish","format-standard","hentry","category-uudised","tag-71","tag-teated","tag-uma-pido"],"_links":{"self":[{"href":"https:\/\/www.hilaro.ee\/wordpress\/wp-json\/wp\/v2\/posts\/5157"}],"collection":[{"href":"https:\/\/www.hilaro.ee\/wordpress\/wp-json\/wp\/v2\/posts"}],"about":[{"href":"https:\/\/www.hilaro.ee\/wordpress\/wp-json\/wp\/v2\/types\/post"}],"author":[{"embeddable":true,"href":"https:\/\/www.hilaro.ee\/wordpress\/wp-json\/wp\/v2\/users\/1"}],"replies":[{"embeddable":true,"href":"https:\/\/www.hilaro.ee\/wordpress\/wp-json\/wp\/v2\/comments?post=5157"}],"version-history":[{"count":4,"href":"https:\/\/www.hilaro.ee\/wordpress\/wp-json\/wp\/v2\/posts\/5157\/revisions"}],"predecessor-version":[{"id":5163,"href":"https:\/\/www.hilaro.ee\/wordpress\/wp-json\/wp\/v2\/posts\/5157\/revisions\/5163"}],"wp:attachment":[{"href":"https:\/\/www.hilaro.ee\/wordpress\/wp-json\/wp\/v2\/media?parent=5157"}],"wp:term":[{"taxonomy":"category","embeddable":true,"href":"https:\/\/www.hilaro.ee\/wordpress\/wp-json\/wp\/v2\/categories?post=5157"},{"taxonomy":"post_tag","embeddable":true,"href":"https:\/\/www.hilaro.ee\/wordpress\/wp-json\/wp\/v2\/tags?post=5157"}],"curies":[{"name":"wp","href":"https:\/\/api.w.org\/{rel}","templated":true}]}}