{"id":5007,"date":"2016-10-02T10:24:00","date_gmt":"2016-10-02T07:24:00","guid":{"rendered":"http:\/\/www.hilaro.ee\/?p=5007"},"modified":"2016-10-04T10:55:21","modified_gmt":"2016-10-04T07:55:21","slug":"laul-laks-metsa","status":"publish","type":"post","link":"https:\/\/www.hilaro.ee\/wordpress\/2016\/10\/laul-laks-metsa\/","title":{"rendered":"Laul l\u00e4ks metsa"},"content":{"rendered":"<p>Laul l\u00e4ks muusikp\u00e4eva, 1. oktoobri \u00f5htul omadega t\u00e4iesti metsa! Ja leelo, muide, l\u00e4ks j\u00e4rele \ud83d\ude42 Varbuse muusikam\u00f5isas toimunud kontserdil &#8220;Laul l\u00e4ts m\u00f5tsa&#8221; ajasid v\u00f5ru vere keema Uma Pido karastusega koorilauljad koos ansamblitega Ummamuudu ja Metsat\u00f6ll.<\/p>\n<p><a href=\"http:\/\/www.hilaro.ee\/wordpress\/wp-content\/uploads\/2016\/10\/5D3_0734_fb_varbuse.jpg\"><img loading=\"lazy\" decoding=\"async\" src=\"http:\/\/www.hilaro.ee\/wordpress\/wp-content\/uploads\/2016\/10\/5D3_0734_fb_varbuse-150x150.jpg\" alt=\"5d3_0734_fb_varbuse\" width=\"150\" height=\"150\" class=\"wpimgload alignleft size-thumbnail wp-image-5012 border_magic\" \/><\/a><\/p>\n<p><a href=\"http:\/\/www.hilaro.ee\/wordpress\/wp-content\/uploads\/2016\/10\/5D3_0730_fb_varbuse.jpg\"><img loading=\"lazy\" decoding=\"async\" src=\"http:\/\/www.hilaro.ee\/wordpress\/wp-content\/uploads\/2016\/10\/5D3_0730_fb_varbuse-150x150.jpg\" alt=\"Varbuse\" width=\"150\" height=\"150\" class=\"wpimgload alignleft size-thumbnail wp-image-5011 border_magic\" \/><\/a><\/p>\n<p><a href=\"http:\/\/www.hilaro.ee\/wordpress\/wp-content\/uploads\/2016\/10\/5D3_0719_fb_varbuse.jpg\"><img loading=\"lazy\" decoding=\"async\" src=\"http:\/\/www.hilaro.ee\/wordpress\/wp-content\/uploads\/2016\/10\/5D3_0719_fb_varbuse-150x150.jpg\" alt=\"Varbuse\" width=\"150\" height=\"150\" class=\"wpimgload alignleft size-thumbnail wp-image-5010 border_magic\" \/><\/a><\/p>\n<p><a href=\"http:\/\/www.hilaro.ee\/wordpress\/wp-content\/uploads\/2016\/10\/5D3_0675_fb_varbuse.jpg\"><img loading=\"lazy\" decoding=\"async\" src=\"http:\/\/www.hilaro.ee\/wordpress\/wp-content\/uploads\/2016\/10\/5D3_0675_fb_varbuse-150x150.jpg\" alt=\"Varbuse\" width=\"150\" height=\"150\" class=\"wpimgload alignleft size-thumbnail wp-image-5009 border_magic\" \/><\/a><\/p>\n<p><a href=\"http:\/\/www.hilaro.ee\/wordpress\/wp-content\/uploads\/2016\/10\/5D3_0649_fb_varbuse.jpg\"><img loading=\"lazy\" decoding=\"async\" src=\"http:\/\/www.hilaro.ee\/wordpress\/wp-content\/uploads\/2016\/10\/5D3_0649_fb_varbuse-150x150.jpg\" alt=\"Varbuse\" width=\"150\" height=\"150\" class=\"wpimgload alignleft size-thumbnail wp-image-5008 border_magic\" \/><\/a><\/p>\n<p>[hr]<\/p>\n<p><a href=\"https:\/\/goo.gl\/photos\/9gvbcRXDZuTiniYF9\">+ Suurema pildigalerii leiab siit<\/a><\/p>\n<p>[hr]<\/p>\n","protected":false},"excerpt":{"rendered":"<p>Laul l\u00e4ks muusikp\u00e4eva, 1. oktoobri \u00f5htul omadega t\u00e4iesti metsa! Ja leelo, muide, l\u00e4ks j\u00e4rele \ud83d\ude42 Varbuse muusikam\u00f5isas toimunud kontserdil &#8220;Laul l\u00e4ts m\u00f5tsa&#8221; ajasid v\u00f5ru vere keema Uma Pido karastusega koorilauljad koos ansamblitega Ummamuudu ja Metsat\u00f6ll. [hr] + Suurema pildigalerii leiab siit [hr]<\/p>\n","protected":false},"author":1,"featured_media":0,"comment_status":"open","ping_status":"open","sticky":false,"template":"","format":"standard","meta":{"footnotes":""},"categories":[1],"tags":[69,28,37],"class_list":["post-5007","post","type-post","status-publish","format-standard","hentry","category-uudised","tag-69","tag-kontsert-2","tag-kroonika"],"_links":{"self":[{"href":"https:\/\/www.hilaro.ee\/wordpress\/wp-json\/wp\/v2\/posts\/5007"}],"collection":[{"href":"https:\/\/www.hilaro.ee\/wordpress\/wp-json\/wp\/v2\/posts"}],"about":[{"href":"https:\/\/www.hilaro.ee\/wordpress\/wp-json\/wp\/v2\/types\/post"}],"author":[{"embeddable":true,"href":"https:\/\/www.hilaro.ee\/wordpress\/wp-json\/wp\/v2\/users\/1"}],"replies":[{"embeddable":true,"href":"https:\/\/www.hilaro.ee\/wordpress\/wp-json\/wp\/v2\/comments?post=5007"}],"version-history":[{"count":5,"href":"https:\/\/www.hilaro.ee\/wordpress\/wp-json\/wp\/v2\/posts\/5007\/revisions"}],"predecessor-version":[{"id":5032,"href":"https:\/\/www.hilaro.ee\/wordpress\/wp-json\/wp\/v2\/posts\/5007\/revisions\/5032"}],"wp:attachment":[{"href":"https:\/\/www.hilaro.ee\/wordpress\/wp-json\/wp\/v2\/media?parent=5007"}],"wp:term":[{"taxonomy":"category","embeddable":true,"href":"https:\/\/www.hilaro.ee\/wordpress\/wp-json\/wp\/v2\/categories?post=5007"},{"taxonomy":"post_tag","embeddable":true,"href":"https:\/\/www.hilaro.ee\/wordpress\/wp-json\/wp\/v2\/tags?post=5007"}],"curies":[{"name":"wp","href":"https:\/\/api.w.org\/{rel}","templated":true}]}}