{"id":4977,"date":"2016-08-28T17:50:37","date_gmt":"2016-08-28T14:50:37","guid":{"rendered":"http:\/\/www.hilaro.ee\/?p=4977"},"modified":"2016-09-11T17:55:54","modified_gmt":"2016-09-11T14:55:54","slug":"retk-prangli-saarele","status":"publish","type":"post","link":"https:\/\/www.hilaro.ee\/wordpress\/2016\/08\/retk-prangli-saarele\/","title":{"rendered":"Retk Prangli saarele"},"content":{"rendered":"<p><a href=\"http:\/\/www.hilaro.ee\/wordpress\/wp-content\/uploads\/2016\/09\/5D3_0210_fb_prangli.jpg\"><img loading=\"lazy\" decoding=\"async\" src=\"http:\/\/www.hilaro.ee\/wordpress\/wp-content\/uploads\/2016\/09\/5D3_0210_fb_prangli-300x200.jpg\" alt=\"Prangli saarel\" width=\"300\" height=\"200\" class=\"wpimgload alignleft size-medium wp-image-4978 border_magic\" srcset=\"https:\/\/www.hilaro.ee\/wordpress\/wp-content\/uploads\/2016\/09\/5D3_0210_fb_prangli-300x200.jpg 300w, https:\/\/www.hilaro.ee\/wordpress\/wp-content\/uploads\/2016\/09\/5D3_0210_fb_prangli-768x512.jpg 768w, https:\/\/www.hilaro.ee\/wordpress\/wp-content\/uploads\/2016\/09\/5D3_0210_fb_prangli-1024x683.jpg 1024w, https:\/\/www.hilaro.ee\/wordpress\/wp-content\/uploads\/2016\/09\/5D3_0210_fb_prangli.jpg 1600w\" sizes=\"(max-width: 300px) 100vw, 300px\" \/><\/a><br \/>\n<strong>27.-28.august 2016<\/strong><br \/>\nMerekultuuriaasta t\u00e4histamise sihtkoht oli Hilaro jaoks Prangli saar. Grupipildi jaoks oli sobiv paik Punase kivi juures, mis m\u00f5\u00f5tmete poolest paigutub Eesti saja suurima hiidrahnu hulka. Lained, p\u00e4ike ja tuul pakkusid veel korra ehtsat suvetunnet.<\/p>\n<p>[hr]<\/p>\n","protected":false},"excerpt":{"rendered":"<p>27.-28.august 2016 Merekultuuriaasta t\u00e4histamise sihtkoht oli Hilaro jaoks Prangli saar. Grupipildi jaoks oli sobiv paik Punase kivi juures, mis m\u00f5\u00f5tmete poolest paigutub Eesti saja suurima hiidrahnu hulka. Lained, p\u00e4ike ja tuul pakkusid veel korra ehtsat suvetunnet. [hr]<\/p>\n","protected":false},"author":1,"featured_media":0,"comment_status":"open","ping_status":"open","sticky":false,"template":"","format":"standard","meta":{"footnotes":""},"categories":[1],"tags":[69,37,24,25],"class_list":["post-4977","post","type-post","status-publish","format-standard","hentry","category-uudised","tag-69","tag-kroonika","tag-matkad-2","tag-uritused"],"_links":{"self":[{"href":"https:\/\/www.hilaro.ee\/wordpress\/wp-json\/wp\/v2\/posts\/4977"}],"collection":[{"href":"https:\/\/www.hilaro.ee\/wordpress\/wp-json\/wp\/v2\/posts"}],"about":[{"href":"https:\/\/www.hilaro.ee\/wordpress\/wp-json\/wp\/v2\/types\/post"}],"author":[{"embeddable":true,"href":"https:\/\/www.hilaro.ee\/wordpress\/wp-json\/wp\/v2\/users\/1"}],"replies":[{"embeddable":true,"href":"https:\/\/www.hilaro.ee\/wordpress\/wp-json\/wp\/v2\/comments?post=4977"}],"version-history":[{"count":2,"href":"https:\/\/www.hilaro.ee\/wordpress\/wp-json\/wp\/v2\/posts\/4977\/revisions"}],"predecessor-version":[{"id":4980,"href":"https:\/\/www.hilaro.ee\/wordpress\/wp-json\/wp\/v2\/posts\/4977\/revisions\/4980"}],"wp:attachment":[{"href":"https:\/\/www.hilaro.ee\/wordpress\/wp-json\/wp\/v2\/media?parent=4977"}],"wp:term":[{"taxonomy":"category","embeddable":true,"href":"https:\/\/www.hilaro.ee\/wordpress\/wp-json\/wp\/v2\/categories?post=4977"},{"taxonomy":"post_tag","embeddable":true,"href":"https:\/\/www.hilaro.ee\/wordpress\/wp-json\/wp\/v2\/tags?post=4977"}],"curies":[{"name":"wp","href":"https:\/\/api.w.org\/{rel}","templated":true}]}}