{"id":4972,"date":"2016-09-11T17:00:16","date_gmt":"2016-09-11T14:00:16","guid":{"rendered":"http:\/\/www.hilaro.ee\/?p=4972"},"modified":"2016-09-11T17:49:21","modified_gmt":"2016-09-11T14:49:21","slug":"laululaager-kurgjarvel-8","status":"publish","type":"post","link":"https:\/\/www.hilaro.ee\/wordpress\/2016\/09\/laululaager-kurgjarvel-8\/","title":{"rendered":"Laululaager Kurgj\u00e4rvel"},"content":{"rendered":"<p><a href=\"http:\/\/www.hilaro.ee\/wordpress\/wp-content\/uploads\/2016\/09\/5D3_0461_laager.jpg\"><img loading=\"lazy\" decoding=\"async\" src=\"http:\/\/www.hilaro.ee\/wordpress\/wp-content\/uploads\/2016\/09\/5D3_0461_laager-300x200.jpg\" alt=\"Laager Kurgj\u00e4rvel 2016\" width=\"300\" height=\"200\" class=\"wpimgload alignleft size-medium wp-image-4973 border_magic\" srcset=\"https:\/\/www.hilaro.ee\/wordpress\/wp-content\/uploads\/2016\/09\/5D3_0461_laager-300x200.jpg 300w, https:\/\/www.hilaro.ee\/wordpress\/wp-content\/uploads\/2016\/09\/5D3_0461_laager-768x512.jpg 768w, https:\/\/www.hilaro.ee\/wordpress\/wp-content\/uploads\/2016\/09\/5D3_0461_laager-1024x683.jpg 1024w, https:\/\/www.hilaro.ee\/wordpress\/wp-content\/uploads\/2016\/09\/5D3_0461_laager.jpg 1600w\" sizes=\"(max-width: 300px) 100vw, 300px\" \/><\/a><strong>10.-11. septembril 2016<\/strong> toimus Hilaro 26. hooaja algust t\u00e4histav laululaager Kurgj\u00e4rvel. Merekultuuri aastale kohaselt l\u00f5id hoogsalt tegevustes kaasa Latikas, Ahven, Angerjas ja Luts.<br \/>\nEsimeseks suuremaks s\u00fcndmuseks sel hooajal saab olema V\u00f5ru Kandle 135. s\u00fcnnip\u00e4eva t\u00e4histamine.<\/p>\n<p>[hr]<\/p>\n","protected":false},"excerpt":{"rendered":"<p>10.-11. septembril 2016 toimus Hilaro 26. hooaja algust t\u00e4histav laululaager Kurgj\u00e4rvel. Merekultuuri aastale kohaselt l\u00f5id hoogsalt tegevustes kaasa Latikas, Ahven, Angerjas ja Luts. Esimeseks suuremaks s\u00fcndmuseks sel hooajal saab olema V\u00f5ru Kandle 135. s\u00fcnnip\u00e4eva t\u00e4histamine. [hr]<\/p>\n","protected":false},"author":1,"featured_media":0,"comment_status":"open","ping_status":"open","sticky":false,"template":"","format":"standard","meta":{"footnotes":""},"categories":[1],"tags":[69,37,30,25],"class_list":["post-4972","post","type-post","status-publish","format-standard","hentry","category-uudised","tag-69","tag-kroonika","tag-laagrid-2","tag-uritused"],"_links":{"self":[{"href":"https:\/\/www.hilaro.ee\/wordpress\/wp-json\/wp\/v2\/posts\/4972"}],"collection":[{"href":"https:\/\/www.hilaro.ee\/wordpress\/wp-json\/wp\/v2\/posts"}],"about":[{"href":"https:\/\/www.hilaro.ee\/wordpress\/wp-json\/wp\/v2\/types\/post"}],"author":[{"embeddable":true,"href":"https:\/\/www.hilaro.ee\/wordpress\/wp-json\/wp\/v2\/users\/1"}],"replies":[{"embeddable":true,"href":"https:\/\/www.hilaro.ee\/wordpress\/wp-json\/wp\/v2\/comments?post=4972"}],"version-history":[{"count":3,"href":"https:\/\/www.hilaro.ee\/wordpress\/wp-json\/wp\/v2\/posts\/4972\/revisions"}],"predecessor-version":[{"id":4976,"href":"https:\/\/www.hilaro.ee\/wordpress\/wp-json\/wp\/v2\/posts\/4972\/revisions\/4976"}],"wp:attachment":[{"href":"https:\/\/www.hilaro.ee\/wordpress\/wp-json\/wp\/v2\/media?parent=4972"}],"wp:term":[{"taxonomy":"category","embeddable":true,"href":"https:\/\/www.hilaro.ee\/wordpress\/wp-json\/wp\/v2\/categories?post=4972"},{"taxonomy":"post_tag","embeddable":true,"href":"https:\/\/www.hilaro.ee\/wordpress\/wp-json\/wp\/v2\/tags?post=4972"}],"curies":[{"name":"wp","href":"https:\/\/api.w.org\/{rel}","templated":true}]}}