{"id":4835,"date":"2016-01-16T19:57:34","date_gmt":"2016-01-16T17:57:34","guid":{"rendered":"http:\/\/www.hilaro.ee\/?p=4835"},"modified":"2016-04-25T20:00:48","modified_gmt":"2016-04-25T17:00:48","slug":"koorilauluohtu-rapinas","status":"publish","type":"post","link":"https:\/\/www.hilaro.ee\/wordpress\/2016\/01\/koorilauluohtu-rapinas\/","title":{"rendered":"Koorilaulu\u00f5htu R\u00e4pinas"},"content":{"rendered":"<p>16. jaanuaril 2016 oli R\u00e4pina Aianduskooli saalis koorilaulu\u00f5htu, kus esinejatena astusid \u00fcles segakoor Hilaro, R\u00e4pina kammerkoor, R\u00e4pina Naiskoor Koidula ja Mooste Segakoor.<\/p>\n<p><a href=\"http:\/\/www.hilaro.ee\/wordpress\/wp-content\/uploads\/2016\/04\/5D3_8514_fb_r\u00e4pina.jpg\"><img loading=\"lazy\" decoding=\"async\" src=\"http:\/\/www.hilaro.ee\/wordpress\/wp-content\/uploads\/2016\/04\/5D3_8514_fb_r\u00e4pina-150x150.jpg\" alt=\"Koorilaulu\u00f5htu R\u00e4pinas\" width=\"150\" height=\"150\" class=\"wpimgload alignleft size-thumbnail wp-image-4836 border_magic\" \/><\/a><\/p>\n<p><a href=\"http:\/\/www.hilaro.ee\/wordpress\/wp-content\/uploads\/2016\/04\/5D3_8534_fb_r\u00e4pina.jpg\"><img loading=\"lazy\" decoding=\"async\" src=\"http:\/\/www.hilaro.ee\/wordpress\/wp-content\/uploads\/2016\/04\/5D3_8534_fb_r\u00e4pina-150x150.jpg\" alt=\"Koorilaulu\u00f5htu R\u00e4pinas\" width=\"150\" height=\"150\" class=\"wpimgload alignleft size-thumbnail wp-image-4837 border_magic\" \/><\/a><\/p>\n<p>[hr]<\/p>\n","protected":false},"excerpt":{"rendered":"<p>16. jaanuaril 2016 oli R\u00e4pina Aianduskooli saalis koorilaulu\u00f5htu, kus esinejatena astusid \u00fcles segakoor Hilaro, R\u00e4pina kammerkoor, R\u00e4pina Naiskoor Koidula ja Mooste Segakoor. [hr]<\/p>\n","protected":false},"author":1,"featured_media":0,"comment_status":"open","ping_status":"open","sticky":false,"template":"","format":"standard","meta":{"footnotes":""},"categories":[1],"tags":[69,28,37],"class_list":["post-4835","post","type-post","status-publish","format-standard","hentry","category-uudised","tag-69","tag-kontsert-2","tag-kroonika"],"_links":{"self":[{"href":"https:\/\/www.hilaro.ee\/wordpress\/wp-json\/wp\/v2\/posts\/4835"}],"collection":[{"href":"https:\/\/www.hilaro.ee\/wordpress\/wp-json\/wp\/v2\/posts"}],"about":[{"href":"https:\/\/www.hilaro.ee\/wordpress\/wp-json\/wp\/v2\/types\/post"}],"author":[{"embeddable":true,"href":"https:\/\/www.hilaro.ee\/wordpress\/wp-json\/wp\/v2\/users\/1"}],"replies":[{"embeddable":true,"href":"https:\/\/www.hilaro.ee\/wordpress\/wp-json\/wp\/v2\/comments?post=4835"}],"version-history":[{"count":2,"href":"https:\/\/www.hilaro.ee\/wordpress\/wp-json\/wp\/v2\/posts\/4835\/revisions"}],"predecessor-version":[{"id":4839,"href":"https:\/\/www.hilaro.ee\/wordpress\/wp-json\/wp\/v2\/posts\/4835\/revisions\/4839"}],"wp:attachment":[{"href":"https:\/\/www.hilaro.ee\/wordpress\/wp-json\/wp\/v2\/media?parent=4835"}],"wp:term":[{"taxonomy":"category","embeddable":true,"href":"https:\/\/www.hilaro.ee\/wordpress\/wp-json\/wp\/v2\/categories?post=4835"},{"taxonomy":"post_tag","embeddable":true,"href":"https:\/\/www.hilaro.ee\/wordpress\/wp-json\/wp\/v2\/tags?post=4835"}],"curies":[{"name":"wp","href":"https:\/\/api.w.org\/{rel}","templated":true}]}}