{"id":4589,"date":"2015-11-01T12:23:14","date_gmt":"2015-11-01T10:23:14","guid":{"rendered":"http:\/\/www.hilaro.ee\/?p=4589"},"modified":"2016-01-11T08:14:57","modified_gmt":"2016-01-11T06:14:57","slug":"hilaro-kutsub-kokku-endisi-lauljaid-vilistlasi","status":"publish","type":"post","link":"https:\/\/www.hilaro.ee\/wordpress\/2015\/11\/hilaro-kutsub-kokku-endisi-lauljaid-vilistlasi\/","title":{"rendered":"Hilaro kutsub kokku endisi lauljaid-vilistlasi"},"content":{"rendered":"<div id=\"attachment_4590\" style=\"width: 310px\" class=\"wp-caption alignleft\"><a href=\"http:\/\/www.hilaro.ee\/wordpress\/wp-content\/uploads\/2015\/11\/IMG_3716_hilaro_juubel_2011_fb.jpg\"><img loading=\"lazy\" decoding=\"async\" aria-describedby=\"caption-attachment-4590\" class=\"wpimgload size-medium wp-image-4590\" src=\"http:\/\/www.hilaro.ee\/wordpress\/wp-content\/uploads\/2015\/11\/IMG_3716_hilaro_juubel_2011_fb-300x200.jpg\" alt=\"Hilaro koos oma lastega esinemas juubelikontserdil Kandles 2011. aastal\" width=\"300\" height=\"200\" srcset=\"https:\/\/www.hilaro.ee\/wordpress\/wp-content\/uploads\/2015\/11\/IMG_3716_hilaro_juubel_2011_fb-300x200.jpg 300w, https:\/\/www.hilaro.ee\/wordpress\/wp-content\/uploads\/2015\/11\/IMG_3716_hilaro_juubel_2011_fb-1024x682.jpg 1024w, https:\/\/www.hilaro.ee\/wordpress\/wp-content\/uploads\/2015\/11\/IMG_3716_hilaro_juubel_2011_fb.jpg 1400w\" sizes=\"(max-width: 300px) 100vw, 300px\" \/><\/a><p id=\"caption-attachment-4590\" class=\"wp-caption-text\">Hilaro koos oma lastega esinemas juubelikontserdil Kandles 2011. aastal<\/p><\/div>\n<p><strong>Kallid hilarolased!<\/strong><\/p>\n<p>Keelemees, helilooja ja t\u00e4nap\u00e4eva m\u00f5istes kultuurikorraldaja Dr. Karl August Hermann on rohkem kui sada aastat tagasi \u00f6elnud: \u201e<em>Laul ja m\u00e4ng peavad meid aitama head meeleolu hoida ja tegema elu elatavaks. Kus lauldakse, sinna istu maha, ei kurjad inimesed laulda taha.\u201c<\/em><\/p>\n<p><strong>Segakoor Hilaro kutsub kokku oma endisi lauljaid-vilistlasi, et koos t\u00e4histada koori 25. aastap\u00e4eva 17. aprillil 2016. a. <\/strong><\/p>\n<p>Juubelikontserdil esineva \u00fchendkoori liikmeteks saavad Hilaro ridadesse kuulunud lauljad ja ka nende lapsed, kes varem juubelikontsertidel esinenud.<\/p>\n<p>[info] Vilistlasproovidest osalemiseks, nootide ja prooviruumi ettevalmistamiseks jne palun teatada Tuulile: <strong>tuulikytt@gmail.com<\/strong> v\u00f5i s\u00f5numiga telefonile <strong>53479866<\/strong> (Tuuli). [\/info]<\/p>\n<p>Kontserdi alguses lauldakse koos Hilaro raudvarasse kuuluvaid lihtsaid laule ja paar koori lapsep\u00f5lve kuuluvat hitti ning peo kulminatsioonis ka laulupidude klassikat.<\/p>\n<p>Laule \u00f5pitakse ja harjutakse koos praeguste hilarolastega kolmel laulup\u00e4eval:<\/p>\n<ol>\n<li>S\u00f5brap\u00e4eval, 14. veebruaril (p\u00fchap\u00e4ev),<\/li>\n<li>\u00dclest\u00f5usmisp\u00fchal, 27. m\u00e4rtsil (p\u00fchap\u00e4ev),<\/li>\n<li>Kontserdieelsel laup\u00e4eval, 16.aprillil.<\/li>\n<\/ol>\n<p>Kui ka k\u00f5ik need kuup\u00e4evad ei sobi, pole hullu, sest neid hitte v\u00f5ivad vanad hilarolased laulda ka une pealt \ud83d\ude09<\/p>\n<p>Kindlasti tasub kuup\u00e4evad kalendrisse juba \u00e4ra m\u00e4rkida. T\u00e4pset infot \u00fchendkoori proovide kohta saab jooksvalt koori kodulehelt v\u00f5i FB-st.<\/p>\n<p>V\u00f5imalust esineda koos vanade ja uute Hilaro lauljatega Kandle laval ei saa j\u00e4tta kasutamata! Oled oodatud elur\u00f5\u00f5msate hilarolaste rivvi, seda kinnitab Hilaro t\u00e4hendus ladina keeles: \u201er\u00f5\u00f5msamaks, l\u00f5busamaks muutma, meelt lahutama\u201c.<\/p>\n<p>Kohtumiseni \u00fchistes lauluproovides!<\/p>\n<p>Silja ja Hilaro<\/p>\n","protected":false},"excerpt":{"rendered":"<p>Kallid hilarolased! Keelemees, helilooja ja t\u00e4nap\u00e4eva m\u00f5istes kultuurikorraldaja Dr. Karl August Hermann on rohkem kui sada aastat tagasi \u00f6elnud: \u201eLaul ja m\u00e4ng peavad meid aitama head meeleolu hoida ja tegema elu elatavaks. Kus lauldakse, sinna istu maha, ei kurjad inimesed laulda taha.\u201c Segakoor Hilaro kutsub kokku oma endisi lauljaid-vilistlasi, et koos t\u00e4histada koori 25. aastap\u00e4eva [&hellip;]<\/p>\n","protected":false},"author":1,"featured_media":0,"comment_status":"open","ping_status":"open","sticky":false,"template":"","format":"standard","meta":{"footnotes":""},"categories":[1],"tags":[66,32],"class_list":["post-4589","post","type-post","status-publish","format-standard","hentry","category-uudised","tag-66","tag-teated"],"_links":{"self":[{"href":"https:\/\/www.hilaro.ee\/wordpress\/wp-json\/wp\/v2\/posts\/4589"}],"collection":[{"href":"https:\/\/www.hilaro.ee\/wordpress\/wp-json\/wp\/v2\/posts"}],"about":[{"href":"https:\/\/www.hilaro.ee\/wordpress\/wp-json\/wp\/v2\/types\/post"}],"author":[{"embeddable":true,"href":"https:\/\/www.hilaro.ee\/wordpress\/wp-json\/wp\/v2\/users\/1"}],"replies":[{"embeddable":true,"href":"https:\/\/www.hilaro.ee\/wordpress\/wp-json\/wp\/v2\/comments?post=4589"}],"version-history":[{"count":5,"href":"https:\/\/www.hilaro.ee\/wordpress\/wp-json\/wp\/v2\/posts\/4589\/revisions"}],"predecessor-version":[{"id":4701,"href":"https:\/\/www.hilaro.ee\/wordpress\/wp-json\/wp\/v2\/posts\/4589\/revisions\/4701"}],"wp:attachment":[{"href":"https:\/\/www.hilaro.ee\/wordpress\/wp-json\/wp\/v2\/media?parent=4589"}],"wp:term":[{"taxonomy":"category","embeddable":true,"href":"https:\/\/www.hilaro.ee\/wordpress\/wp-json\/wp\/v2\/categories?post=4589"},{"taxonomy":"post_tag","embeddable":true,"href":"https:\/\/www.hilaro.ee\/wordpress\/wp-json\/wp\/v2\/tags?post=4589"}],"curies":[{"name":"wp","href":"https:\/\/api.w.org\/{rel}","templated":true}]}}