{"id":4484,"date":"2015-05-23T22:00:15","date_gmt":"2015-05-23T19:00:15","guid":{"rendered":"http:\/\/www.hilaro.ee\/?p=4484"},"modified":"2015-09-21T11:43:17","modified_gmt":"2015-09-21T08:43:17","slug":"vorumaa-laulu-ja-tantsupidu-2015","status":"publish","type":"post","link":"https:\/\/www.hilaro.ee\/wordpress\/2015\/05\/vorumaa-laulu-ja-tantsupidu-2015\/","title":{"rendered":"V\u00f5rumaa laulu- ja tantsupidu 2015"},"content":{"rendered":"<p><strong>23. mail 2015<\/strong> toimus V\u00f5ru Kubija lauluv\u00e4ljakul V\u00f5rumaa laulu- ja tantsupidu pealkirjaga \u201eV\u00f5rumaa kuld\u201c.<\/p>\n<p>T\u00e4navune laulu- ja tantsupidu oli p\u00fchendatud V\u00f5rumaa tantsumemme Kai Leete 105. s\u00fcnniaastale.<\/p>\n<p><a href=\"http:\/\/www.hilaro.ee\/wordpress\/wp-content\/uploads\/2015\/05\/2015_05_laulupidu_3.jpg\"><img loading=\"lazy\" decoding=\"async\" src=\"http:\/\/www.hilaro.ee\/wordpress\/wp-content\/uploads\/2015\/05\/2015_05_laulupidu_3-150x150.jpg\" alt=\"Laulu- ja tantsupidu 2015\" width=\"150\" height=\"150\" class=\"wpimgload alignleft size-thumbnail wp-image-4487 border_magic\" \/><\/a><\/p>\n<p><a href=\"http:\/\/www.hilaro.ee\/wordpress\/wp-content\/uploads\/2015\/05\/2015_05_laulupidu_2.jpg\"><img loading=\"lazy\" decoding=\"async\" src=\"http:\/\/www.hilaro.ee\/wordpress\/wp-content\/uploads\/2015\/05\/2015_05_laulupidu_2-150x150.jpg\" alt=\"Laulu- ja tantsupidu 2015\" width=\"150\" height=\"150\" class=\"wpimgload alignleft size-thumbnail wp-image-4486 border_magic\" \/><\/a><\/p>\n<p><a href=\"http:\/\/www.hilaro.ee\/wordpress\/wp-content\/uploads\/2015\/05\/2015_05_laulupidu_1.jpg\"><img loading=\"lazy\" decoding=\"async\" src=\"http:\/\/www.hilaro.ee\/wordpress\/wp-content\/uploads\/2015\/05\/2015_05_laulupidu_1-150x150.jpg\" alt=\"Laulu- ja tantsupidu 2015\" width=\"150\" height=\"150\" class=\"wpimgload alignleft size-thumbnail wp-image-4485 border_magic\" \/><\/a><\/p>\n<p>[hr]<\/p>\n","protected":false},"excerpt":{"rendered":"<p>23. mail 2015 toimus V\u00f5ru Kubija lauluv\u00e4ljakul V\u00f5rumaa laulu- ja tantsupidu pealkirjaga \u201eV\u00f5rumaa kuld\u201c. T\u00e4navune laulu- ja tantsupidu oli p\u00fchendatud V\u00f5rumaa tantsumemme Kai Leete 105. s\u00fcnniaastale. [hr]<\/p>\n","protected":false},"author":1,"featured_media":0,"comment_status":"open","ping_status":"open","sticky":false,"template":"","format":"standard","meta":{"footnotes":""},"categories":[1],"tags":[66,28,37,45],"class_list":["post-4484","post","type-post","status-publish","format-standard","hentry","category-uudised","tag-66","tag-kontsert-2","tag-kroonika","tag-voru-laulupidu"],"_links":{"self":[{"href":"https:\/\/www.hilaro.ee\/wordpress\/wp-json\/wp\/v2\/posts\/4484"}],"collection":[{"href":"https:\/\/www.hilaro.ee\/wordpress\/wp-json\/wp\/v2\/posts"}],"about":[{"href":"https:\/\/www.hilaro.ee\/wordpress\/wp-json\/wp\/v2\/types\/post"}],"author":[{"embeddable":true,"href":"https:\/\/www.hilaro.ee\/wordpress\/wp-json\/wp\/v2\/users\/1"}],"replies":[{"embeddable":true,"href":"https:\/\/www.hilaro.ee\/wordpress\/wp-json\/wp\/v2\/comments?post=4484"}],"version-history":[{"count":5,"href":"https:\/\/www.hilaro.ee\/wordpress\/wp-json\/wp\/v2\/posts\/4484\/revisions"}],"predecessor-version":[{"id":4560,"href":"https:\/\/www.hilaro.ee\/wordpress\/wp-json\/wp\/v2\/posts\/4484\/revisions\/4560"}],"wp:attachment":[{"href":"https:\/\/www.hilaro.ee\/wordpress\/wp-json\/wp\/v2\/media?parent=4484"}],"wp:term":[{"taxonomy":"category","embeddable":true,"href":"https:\/\/www.hilaro.ee\/wordpress\/wp-json\/wp\/v2\/categories?post=4484"},{"taxonomy":"post_tag","embeddable":true,"href":"https:\/\/www.hilaro.ee\/wordpress\/wp-json\/wp\/v2\/tags?post=4484"}],"curies":[{"name":"wp","href":"https:\/\/api.w.org\/{rel}","templated":true}]}}