{"id":4329,"date":"2015-01-24T20:00:21","date_gmt":"2015-01-24T18:00:21","guid":{"rendered":"http:\/\/www.hilaro.ee\/?p=4329"},"modified":"2015-02-06T15:36:05","modified_gmt":"2015-02-06T13:36:05","slug":"kontsert-alles-jaab-laul-kandles","status":"publish","type":"post","link":"https:\/\/www.hilaro.ee\/wordpress\/2015\/01\/kontsert-alles-jaab-laul-kandles\/","title":{"rendered":"Kontsert &#8220;Alles j\u00e4\u00e4b laul&#8221; Kandles"},"content":{"rendered":"<p><a href=\"http:\/\/www.hilaro.ee\/wordpress\/wp-content\/uploads\/2015\/02\/2015_01_alles_jaab_laul.jpg\"><img loading=\"lazy\" decoding=\"async\" class=\"wpimgload size-medium wp-image-4330 border_magic alignnone\" src=\"http:\/\/www.hilaro.ee\/wordpress\/wp-content\/uploads\/2015\/02\/2015_01_alles_jaab_laul-300x151.jpg\" alt=\"Alles j\u00e4\u00e4b laul\" width=\"300\" height=\"151\" srcset=\"https:\/\/www.hilaro.ee\/wordpress\/wp-content\/uploads\/2015\/02\/2015_01_alles_jaab_laul-300x151.jpg 300w, https:\/\/www.hilaro.ee\/wordpress\/wp-content\/uploads\/2015\/02\/2015_01_alles_jaab_laul-1024x516.jpg 1024w, https:\/\/www.hilaro.ee\/wordpress\/wp-content\/uploads\/2015\/02\/2015_01_alles_jaab_laul.jpg 1400w\" sizes=\"(max-width: 300px) 100vw, 300px\" \/><\/a><br \/>\n<strong>24.jaanuaril 2015<\/strong> toimus V\u00f5ru Kultuurimajas Kannel helilooja Piret Rips-Laul autorikontsert &#8220;Alles j\u00e4\u00e4b laul&#8221;.<br \/>\nEsinesid solist Arete Teemets (sopran), segakoor Hilaro, V\u00f5ru MK keelpilliorkester ning koor ja solistid.<\/p>\n<div class='avia-iframe-wrap'><iframe loading=\"lazy\" width=\"1500\" height=\"844\" src=\"https:\/\/www.youtube.com\/embed\/OQQ34rr7e0M?feature=oembed\" frameborder=\"0\" allow=\"autoplay; encrypted-media\" allowfullscreen><\/iframe><\/div>\n<p><a title=\"Pildigalerii\" href=\"http:\/\/www.tonisfoto.com\/jalbum\/2015-01-24%20Piret%20Rips-Laul%20autorikontsert%20-%20Alles%20j%C3%A4%C3%A4b%20laul\/index.html\" target=\"_blank\">+ Vaata T\u00f5nis Antoni pildigaleriid kontserdist<\/a><\/p>\n<p>[hr]<\/p>\n","protected":false},"excerpt":{"rendered":"<p>24.jaanuaril 2015 toimus V\u00f5ru Kultuurimajas Kannel helilooja Piret Rips-Laul autorikontsert &#8220;Alles j\u00e4\u00e4b laul&#8221;. Esinesid solist Arete Teemets (sopran), segakoor Hilaro, V\u00f5ru MK keelpilliorkester ning koor ja solistid. + Vaata T\u00f5nis Antoni pildigaleriid kontserdist [hr]<\/p>\n","protected":false},"author":1,"featured_media":0,"comment_status":"open","ping_status":"open","sticky":false,"template":"","format":"standard","meta":{"footnotes":""},"categories":[1],"tags":[66,28,37,33],"class_list":["post-4329","post","type-post","status-publish","format-standard","hentry","category-uudised","tag-66","tag-kontsert-2","tag-kroonika","tag-video-2"],"_links":{"self":[{"href":"https:\/\/www.hilaro.ee\/wordpress\/wp-json\/wp\/v2\/posts\/4329"}],"collection":[{"href":"https:\/\/www.hilaro.ee\/wordpress\/wp-json\/wp\/v2\/posts"}],"about":[{"href":"https:\/\/www.hilaro.ee\/wordpress\/wp-json\/wp\/v2\/types\/post"}],"author":[{"embeddable":true,"href":"https:\/\/www.hilaro.ee\/wordpress\/wp-json\/wp\/v2\/users\/1"}],"replies":[{"embeddable":true,"href":"https:\/\/www.hilaro.ee\/wordpress\/wp-json\/wp\/v2\/comments?post=4329"}],"version-history":[{"count":5,"href":"https:\/\/www.hilaro.ee\/wordpress\/wp-json\/wp\/v2\/posts\/4329\/revisions"}],"predecessor-version":[{"id":4338,"href":"https:\/\/www.hilaro.ee\/wordpress\/wp-json\/wp\/v2\/posts\/4329\/revisions\/4338"}],"wp:attachment":[{"href":"https:\/\/www.hilaro.ee\/wordpress\/wp-json\/wp\/v2\/media?parent=4329"}],"wp:term":[{"taxonomy":"category","embeddable":true,"href":"https:\/\/www.hilaro.ee\/wordpress\/wp-json\/wp\/v2\/categories?post=4329"},{"taxonomy":"post_tag","embeddable":true,"href":"https:\/\/www.hilaro.ee\/wordpress\/wp-json\/wp\/v2\/tags?post=4329"}],"curies":[{"name":"wp","href":"https:\/\/api.w.org\/{rel}","templated":true}]}}