{"id":3911,"date":"2014-06-15T20:00:20","date_gmt":"2014-06-15T17:00:20","guid":{"rendered":"http:\/\/www.hilaro.ee\/?p=3911"},"modified":"2014-06-19T09:02:14","modified_gmt":"2014-06-19T06:02:14","slug":"peotuli-joudis-vorru","status":"publish","type":"post","link":"https:\/\/www.hilaro.ee\/wordpress\/2014\/06\/peotuli-joudis-vorru\/","title":{"rendered":"Peotuli j\u00f5udis V\u00f5rru"},"content":{"rendered":"<p><a href=\"http:\/\/www.hilaro.ee\/wordpress\/wp-content\/uploads\/2014\/06\/20140615_laulupeotuli.jpg\"><img loading=\"lazy\" decoding=\"async\" src=\"http:\/\/www.hilaro.ee\/wordpress\/wp-content\/uploads\/2014\/06\/20140615_laulupeotuli-300x199.jpg\" alt=\"Peotuli saabus V\u00f5rru\" width=\"300\" height=\"199\" class=\"wpimgload alignleft size-medium wp-image-3912 border_magic\" srcset=\"https:\/\/www.hilaro.ee\/wordpress\/wp-content\/uploads\/2014\/06\/20140615_laulupeotuli-300x199.jpg 300w, https:\/\/www.hilaro.ee\/wordpress\/wp-content\/uploads\/2014\/06\/20140615_laulupeotuli-1024x682.jpg 1024w, https:\/\/www.hilaro.ee\/wordpress\/wp-content\/uploads\/2014\/06\/20140615_laulupeotuli.jpg 1400w\" sizes=\"(max-width: 300px) 100vw, 300px\" \/><\/a><strong>15. juunil 2014<\/strong> j\u00f5udis V\u00f5rru \u00fcldlaulu- ja tantsupeo tuli, mis sama p\u00e4eva hommikul Tartus s\u00fc\u00fcdati ning seej\u00e4rel Kambjasse toodi.<br \/>\nKesklinna pargis olid tuld vastu v\u00f5tmas koorid ja tantsur\u00fchmad, teiste seas muidugi ka Hilaro esindus.<\/p>\n<p><a href=\"https:\/\/www.facebook.com\/media\/set\/?set=a.10152618763049050.1073741835.218563734049&#038;type=1\" title=\"Pildigalerii Facebookis\" target=\"_blank\">+ Vaata rohkem pilte Facebookis<\/a><\/p>\n<p>[hr]<\/p>\n","protected":false},"excerpt":{"rendered":"<p>15. juunil 2014 j\u00f5udis V\u00f5rru \u00fcldlaulu- ja tantsupeo tuli, mis sama p\u00e4eva hommikul Tartus s\u00fc\u00fcdati ning seej\u00e4rel Kambjasse toodi. Kesklinna pargis olid tuld vastu v\u00f5tmas koorid ja tantsur\u00fchmad, teiste seas muidugi ka Hilaro esindus. + Vaata rohkem pilte Facebookis [hr]<\/p>\n","protected":false},"author":1,"featured_media":0,"comment_status":"open","ping_status":"open","sticky":false,"template":"","format":"standard","meta":{"footnotes":""},"categories":[1],"tags":[61,28,37],"class_list":["post-3911","post","type-post","status-publish","format-standard","hentry","category-uudised","tag-61","tag-kontsert-2","tag-kroonika"],"_links":{"self":[{"href":"https:\/\/www.hilaro.ee\/wordpress\/wp-json\/wp\/v2\/posts\/3911"}],"collection":[{"href":"https:\/\/www.hilaro.ee\/wordpress\/wp-json\/wp\/v2\/posts"}],"about":[{"href":"https:\/\/www.hilaro.ee\/wordpress\/wp-json\/wp\/v2\/types\/post"}],"author":[{"embeddable":true,"href":"https:\/\/www.hilaro.ee\/wordpress\/wp-json\/wp\/v2\/users\/1"}],"replies":[{"embeddable":true,"href":"https:\/\/www.hilaro.ee\/wordpress\/wp-json\/wp\/v2\/comments?post=3911"}],"version-history":[{"count":3,"href":"https:\/\/www.hilaro.ee\/wordpress\/wp-json\/wp\/v2\/posts\/3911\/revisions"}],"predecessor-version":[{"id":3915,"href":"https:\/\/www.hilaro.ee\/wordpress\/wp-json\/wp\/v2\/posts\/3911\/revisions\/3915"}],"wp:attachment":[{"href":"https:\/\/www.hilaro.ee\/wordpress\/wp-json\/wp\/v2\/media?parent=3911"}],"wp:term":[{"taxonomy":"category","embeddable":true,"href":"https:\/\/www.hilaro.ee\/wordpress\/wp-json\/wp\/v2\/categories?post=3911"},{"taxonomy":"post_tag","embeddable":true,"href":"https:\/\/www.hilaro.ee\/wordpress\/wp-json\/wp\/v2\/tags?post=3911"}],"curies":[{"name":"wp","href":"https:\/\/api.w.org\/{rel}","templated":true}]}}