{"id":3895,"date":"2014-06-04T18:27:24","date_gmt":"2014-06-04T15:27:24","guid":{"rendered":"http:\/\/www.hilaro.ee\/?p=3895"},"modified":"2014-06-04T18:30:48","modified_gmt":"2014-06-04T15:30:48","slug":"laulupeotuli-saabub-vorru-15-juunil","status":"publish","type":"post","link":"https:\/\/www.hilaro.ee\/wordpress\/2014\/06\/laulupeotuli-saabub-vorru-15-juunil\/","title":{"rendered":"Laulupeotuli saabub V\u00f5rru 15. juunil"},"content":{"rendered":"<p><strong>Laulupeotuli saabub V\u00f5rru 15. juunil kell 18<\/strong><\/p>\n<p><img loading=\"lazy\" decoding=\"async\" src=\"http:\/\/www.tuletulemine.ee\/photos\/logo-2.png\" width=\"337\" height=\"336\" class=\"alignleft\" \/>XXVI laulu- ja XIX tantsupeo \u201eAja puudutus. Puudutuse aeg\u201d tuli s\u00fc\u00fcdatakse Tartus Raadil 15. juunil p\u00e4ikeset\u00f5usu ajal. Tule teekond kulgeb Tallinna suunas p\u00f5hiliselt \u201c-vere\u201d ja \u201c-pere\u201d nimeliste asumite kaudu. 15 juunil peatub tuli kell 16 Eesti koorilaulu h\u00e4llis &#8211; Kambjas. V\u00f5rumaa algatusr\u00fchm otsustas V\u00f5ru tuletoojad Kambjasse saata, et k\u00f5ikide V\u00f5rumaa lauljate, tantsijate ja pillim\u00e4ngijate r\u00f5\u00f5muks suure peo tuld ka V\u00f5rru tuua.<br \/>\nKutsutakse k\u00f5iki V\u00f5rumaa omavalitsuste juhte, kultuurit\u00f6\u00f6tajaid, koore, tantsur\u00fchmi, orkestreid, kapelle ja pillim\u00e4ngijaid laulu- ja tantsupeotule vastuv\u00f5tukontserdile 15. juunil kell 18 V\u00f5ru kesklinna parki, et peotuli vastu v\u00f5tta.<br \/>\nKoorid laulavad tuttavaid laule: &#8220;Koit&#8221;, &#8220;Ta lendab mesipuu poole&#8221;, &#8220;Oma Saar&#8221;, segakoor laulab ka &#8220;Mul on ikka&#8230;&#8221;.<br \/>\nTulge, loome V\u00f5rumaa kultuurirahva \u00fchise pereringi. Iga\u00fcks saab V\u00f5rru toodud tulest s\u00fc\u00fcdata kaasav\u00f5etud tulehoidja, et tuli oma kodukanti viia.<\/p>\n<p>K\u00f5ik on oodatud! <\/p>\n<p><a href=\"http:\/\/www.tuletulemine.ee\/\" title=\"Tuletulemine\" target=\"_blank\">+ Vaata lisaks: www.tuletulemine.ee<\/a><\/p>\n<p>[hr]<\/p>\n","protected":false},"excerpt":{"rendered":"<p>Laulupeotuli saabub V\u00f5rru 15. juunil kell 18 XXVI laulu- ja XIX tantsupeo \u201eAja puudutus. Puudutuse aeg\u201d tuli s\u00fc\u00fcdatakse Tartus Raadil 15. juunil p\u00e4ikeset\u00f5usu ajal. Tule teekond kulgeb Tallinna suunas p\u00f5hiliselt \u201c-vere\u201d ja \u201c-pere\u201d nimeliste asumite kaudu. 15 juunil peatub tuli kell 16 Eesti koorilaulu h\u00e4llis &#8211; Kambjas. V\u00f5rumaa algatusr\u00fchm otsustas V\u00f5ru tuletoojad Kambjasse saata, et [&hellip;]<\/p>\n","protected":false},"author":1,"featured_media":0,"comment_status":"open","ping_status":"open","sticky":false,"template":"","format":"standard","meta":{"footnotes":""},"categories":[1],"tags":[61,32],"class_list":["post-3895","post","type-post","status-publish","format-standard","hentry","category-uudised","tag-61","tag-teated"],"_links":{"self":[{"href":"https:\/\/www.hilaro.ee\/wordpress\/wp-json\/wp\/v2\/posts\/3895"}],"collection":[{"href":"https:\/\/www.hilaro.ee\/wordpress\/wp-json\/wp\/v2\/posts"}],"about":[{"href":"https:\/\/www.hilaro.ee\/wordpress\/wp-json\/wp\/v2\/types\/post"}],"author":[{"embeddable":true,"href":"https:\/\/www.hilaro.ee\/wordpress\/wp-json\/wp\/v2\/users\/1"}],"replies":[{"embeddable":true,"href":"https:\/\/www.hilaro.ee\/wordpress\/wp-json\/wp\/v2\/comments?post=3895"}],"version-history":[{"count":5,"href":"https:\/\/www.hilaro.ee\/wordpress\/wp-json\/wp\/v2\/posts\/3895\/revisions"}],"predecessor-version":[{"id":3900,"href":"https:\/\/www.hilaro.ee\/wordpress\/wp-json\/wp\/v2\/posts\/3895\/revisions\/3900"}],"wp:attachment":[{"href":"https:\/\/www.hilaro.ee\/wordpress\/wp-json\/wp\/v2\/media?parent=3895"}],"wp:term":[{"taxonomy":"category","embeddable":true,"href":"https:\/\/www.hilaro.ee\/wordpress\/wp-json\/wp\/v2\/categories?post=3895"},{"taxonomy":"post_tag","embeddable":true,"href":"https:\/\/www.hilaro.ee\/wordpress\/wp-json\/wp\/v2\/tags?post=3895"}],"curies":[{"name":"wp","href":"https:\/\/api.w.org\/{rel}","templated":true}]}}