{"id":3642,"date":"2014-02-16T20:00:35","date_gmt":"2014-02-16T18:00:35","guid":{"rendered":"http:\/\/www.hilaro.ee\/?p=3642"},"modified":"2014-02-19T08:23:06","modified_gmt":"2014-02-19T06:23:06","slug":"paul-elken-105","status":"publish","type":"post","link":"https:\/\/www.hilaro.ee\/wordpress\/2014\/02\/paul-elken-105\/","title":{"rendered":"Paul Elken 105"},"content":{"rendered":"<p><strong>16. veebruaril 2014<\/strong> oli V\u00f5ru Kandles Paul Elkeni 105. s\u00fcnniaastap\u00e4evale p\u00fchendatud kontsert, kus astusid \u00fcles V\u00f5ru naiskoor Kannel, segakoor Hilaro ja V\u00f5ru Meeskoor.<br \/>\nPeale kontserti avati V\u00f5rus Tartu t\u00e4naval Paul Elkeni kauaaegse elukoha seinal temale p\u00fchendatud m\u00e4lestustahvel.<\/p>\n\n\t\t<style type=\"text\/css\">\n\t\t\t#gallery-1 {\n\t\t\t\tmargin: auto;\n\t\t\t}\n\t\t\t#gallery-1 .gallery-item {\n\t\t\t\tfloat: left;\n\t\t\t\tmargin-top: 10px;\n\t\t\t\ttext-align: center;\n\t\t\t\twidth: 33%;\n\t\t\t}\n\t\t\t#gallery-1 img {\n\t\t\t\tborder: 2px solid #cfcfcf;\n\t\t\t}\n\t\t\t#gallery-1 .gallery-caption {\n\t\t\t\tmargin-left: 0;\n\t\t\t}\n\t\t\t\/* see gallery_shortcode() in wp-includes\/media.php *\/\n\t\t<\/style>\n\t\t<div id='gallery-1' class='gallery galleryid-3642 gallery-columns-3 gallery-size-thumbnail'><dl class='gallery-item'>\n\t\t\t<dt class='gallery-icon landscape'>\n\t\t\t\t<a href='https:\/\/www.hilaro.ee\/wordpress\/2014\/02\/paul-elken-105\/20140216_elken_01\/'><img loading=\"lazy\" decoding=\"async\" width=\"150\" height=\"150\" src=\"https:\/\/www.hilaro.ee\/wordpress\/wp-content\/uploads\/2014\/02\/20140216_elken_01-150x150.jpg\" class=\"attachment-thumbnail size-thumbnail\" alt=\"\" aria-describedby=\"gallery-1-3643\" \/><\/a>\n\t\t\t<\/dt>\n\t\t\t\t<dd class='wp-caption-text gallery-caption' id='gallery-1-3643'>\n\t\t\t\tHilaro esinemas\n\t\t\t\t<\/dd><\/dl><dl class='gallery-item'>\n\t\t\t<dt class='gallery-icon landscape'>\n\t\t\t\t<a href='https:\/\/www.hilaro.ee\/wordpress\/2014\/02\/paul-elken-105\/20140216_elken_02\/'><img loading=\"lazy\" decoding=\"async\" width=\"150\" height=\"150\" src=\"https:\/\/www.hilaro.ee\/wordpress\/wp-content\/uploads\/2014\/02\/20140216_elken_02-150x150.jpg\" class=\"attachment-thumbnail size-thumbnail\" alt=\"\" aria-describedby=\"gallery-1-3644\" \/><\/a>\n\t\t\t<\/dt>\n\t\t\t\t<dd class='wp-caption-text gallery-caption' id='gallery-1-3644'>\n\t\t\t\tPaul Elkeni m\u00e4lestustahvli avamine\n\t\t\t\t<\/dd><\/dl>\n\t\t\t<br style='clear: both' \/>\n\t\t<\/div>\n\n<p><a href=\"http:\/\/www.pildigalerii.vorumaateataja.ee\/index.php\/category\/278-paev-paul-valter-elkenile-moeldes-ja-tema-loomingut-esitades-2014?limitstart=0\" title=\"V\u00f5rumaa Teataja pildigalerii\" target=\"_blank\">+ Vaata ka V\u00f5rumaa Teataja pildigaleriid m\u00e4lestusp\u00e4evast<\/a><\/p>\n<p>[hr]<\/p>\n","protected":false},"excerpt":{"rendered":"<p>16. veebruaril 2014 oli V\u00f5ru Kandles Paul Elkeni 105. s\u00fcnniaastap\u00e4evale p\u00fchendatud kontsert, kus astusid \u00fcles V\u00f5ru naiskoor Kannel, segakoor Hilaro ja V\u00f5ru Meeskoor. Peale kontserti avati V\u00f5rus Tartu t\u00e4naval Paul Elkeni kauaaegse elukoha seinal temale p\u00fchendatud m\u00e4lestustahvel. + Vaata ka V\u00f5rumaa Teataja pildigaleriid m\u00e4lestusp\u00e4evast [hr]<\/p>\n","protected":false},"author":1,"featured_media":0,"comment_status":"open","ping_status":"open","sticky":false,"template":"","format":"standard","meta":{"footnotes":""},"categories":[1],"tags":[61,28,37],"class_list":["post-3642","post","type-post","status-publish","format-standard","hentry","category-uudised","tag-61","tag-kontsert-2","tag-kroonika"],"_links":{"self":[{"href":"https:\/\/www.hilaro.ee\/wordpress\/wp-json\/wp\/v2\/posts\/3642"}],"collection":[{"href":"https:\/\/www.hilaro.ee\/wordpress\/wp-json\/wp\/v2\/posts"}],"about":[{"href":"https:\/\/www.hilaro.ee\/wordpress\/wp-json\/wp\/v2\/types\/post"}],"author":[{"embeddable":true,"href":"https:\/\/www.hilaro.ee\/wordpress\/wp-json\/wp\/v2\/users\/1"}],"replies":[{"embeddable":true,"href":"https:\/\/www.hilaro.ee\/wordpress\/wp-json\/wp\/v2\/comments?post=3642"}],"version-history":[{"count":3,"href":"https:\/\/www.hilaro.ee\/wordpress\/wp-json\/wp\/v2\/posts\/3642\/revisions"}],"predecessor-version":[{"id":3647,"href":"https:\/\/www.hilaro.ee\/wordpress\/wp-json\/wp\/v2\/posts\/3642\/revisions\/3647"}],"wp:attachment":[{"href":"https:\/\/www.hilaro.ee\/wordpress\/wp-json\/wp\/v2\/media?parent=3642"}],"wp:term":[{"taxonomy":"category","embeddable":true,"href":"https:\/\/www.hilaro.ee\/wordpress\/wp-json\/wp\/v2\/categories?post=3642"},{"taxonomy":"post_tag","embeddable":true,"href":"https:\/\/www.hilaro.ee\/wordpress\/wp-json\/wp\/v2\/tags?post=3642"}],"curies":[{"name":"wp","href":"https:\/\/api.w.org\/{rel}","templated":true}]}}