{"id":3638,"date":"2014-02-09T20:00:36","date_gmt":"2014-02-09T18:00:36","guid":{"rendered":"http:\/\/www.hilaro.ee\/?p=3638"},"modified":"2014-04-17T12:13:16","modified_gmt":"2014-04-17T09:13:16","slug":"miina-harma-150","status":"publish","type":"post","link":"https:\/\/www.hilaro.ee\/wordpress\/2014\/02\/miina-harma-150\/","title":{"rendered":"Miina H\u00e4rma 150"},"content":{"rendered":"<p><a href=\"http:\/\/www.hilaro.ee\/wordpress\/wp-content\/uploads\/2011\/08\/2014_02_Miina_H\u00e4rma_Hilaro_veebi_2.jpg\"><img loading=\"lazy\" decoding=\"async\" src=\"http:\/\/www.hilaro.ee\/wordpress\/wp-content\/uploads\/2011\/08\/2014_02_Miina_H\u00e4rma_Hilaro_veebi_2-233x300.jpg\" alt=\"Miina H\u00e4rma 150 plakat\" width=\"233\" height=\"300\" class=\"wpimgload alignleft size-medium wp-image-3560 border_magic\" srcset=\"https:\/\/www.hilaro.ee\/wordpress\/wp-content\/uploads\/2011\/08\/2014_02_Miina_H\u00e4rma_Hilaro_veebi_2-233x300.jpg 233w, https:\/\/www.hilaro.ee\/wordpress\/wp-content\/uploads\/2011\/08\/2014_02_Miina_H\u00e4rma_Hilaro_veebi_2.jpg 777w\" sizes=\"(max-width: 233px) 100vw, 233px\" \/><\/a><strong>9. veebruaril 2014<\/strong> toimus Tartus Vanemuise kontserdisaalis suur kooride pidukontsert t\u00e4histamaks 150 aasta m\u00f6\u00f6dumist koorijuhi ja helilooja Miina H\u00e4rma s\u00fcnnist. Koos Eesti rahvusmeeskoori mitmete Tartu kooridega astus kontserdil \u00fcles ka Hilaro. Sooja vastuv\u00f5tu osaliseks said k\u00f5ik kontserdil k\u00f5lanud lood ning Tuljak l\u00e4ks muidugi kordamisele.<\/p>\n<p><a href=\"https:\/\/plus.google.com\/photos\/+VaidoOtsar\/albums\/6003182396369391489?authkey=CL74-sPtiKnl-gE\" title=\"Miina H\u00e4rma 150 pildigalerii\" target=\"_blank\">+ Vaata pildigaleriid<\/a><\/p>\n<p>[hr]<\/p>\n","protected":false},"excerpt":{"rendered":"<p>9. veebruaril 2014 toimus Tartus Vanemuise kontserdisaalis suur kooride pidukontsert t\u00e4histamaks 150 aasta m\u00f6\u00f6dumist koorijuhi ja helilooja Miina H\u00e4rma s\u00fcnnist. Koos Eesti rahvusmeeskoori mitmete Tartu kooridega astus kontserdil \u00fcles ka Hilaro. Sooja vastuv\u00f5tu osaliseks said k\u00f5ik kontserdil k\u00f5lanud lood ning Tuljak l\u00e4ks muidugi kordamisele. + Vaata pildigaleriid [hr]<\/p>\n","protected":false},"author":1,"featured_media":0,"comment_status":"open","ping_status":"open","sticky":false,"template":"","format":"standard","meta":{"footnotes":""},"categories":[1],"tags":[61,28,37],"class_list":["post-3638","post","type-post","status-publish","format-standard","hentry","category-uudised","tag-61","tag-kontsert-2","tag-kroonika"],"_links":{"self":[{"href":"https:\/\/www.hilaro.ee\/wordpress\/wp-json\/wp\/v2\/posts\/3638"}],"collection":[{"href":"https:\/\/www.hilaro.ee\/wordpress\/wp-json\/wp\/v2\/posts"}],"about":[{"href":"https:\/\/www.hilaro.ee\/wordpress\/wp-json\/wp\/v2\/types\/post"}],"author":[{"embeddable":true,"href":"https:\/\/www.hilaro.ee\/wordpress\/wp-json\/wp\/v2\/users\/1"}],"replies":[{"embeddable":true,"href":"https:\/\/www.hilaro.ee\/wordpress\/wp-json\/wp\/v2\/comments?post=3638"}],"version-history":[{"count":5,"href":"https:\/\/www.hilaro.ee\/wordpress\/wp-json\/wp\/v2\/posts\/3638\/revisions"}],"predecessor-version":[{"id":3742,"href":"https:\/\/www.hilaro.ee\/wordpress\/wp-json\/wp\/v2\/posts\/3638\/revisions\/3742"}],"wp:attachment":[{"href":"https:\/\/www.hilaro.ee\/wordpress\/wp-json\/wp\/v2\/media?parent=3638"}],"wp:term":[{"taxonomy":"category","embeddable":true,"href":"https:\/\/www.hilaro.ee\/wordpress\/wp-json\/wp\/v2\/categories?post=3638"},{"taxonomy":"post_tag","embeddable":true,"href":"https:\/\/www.hilaro.ee\/wordpress\/wp-json\/wp\/v2\/tags?post=3638"}],"curies":[{"name":"wp","href":"https:\/\/api.w.org\/{rel}","templated":true}]}}