{"id":3544,"date":"2014-01-12T11:29:44","date_gmt":"2014-01-12T09:29:44","guid":{"rendered":"http:\/\/www.hilaro.ee\/?p=3544"},"modified":"2014-01-17T14:32:11","modified_gmt":"2014-01-17T12:32:11","slug":"hilaro-kohtus-ellerheinaga","status":"publish","type":"post","link":"https:\/\/www.hilaro.ee\/wordpress\/2014\/01\/hilaro-kohtus-ellerheinaga\/","title":{"rendered":"Hilaro kohtus Ellerheinaga"},"content":{"rendered":"<p><strong>12. jaanuaril 2014<\/strong> andis Hilaro V\u00f5ru Kandles \u00fchiskontserdi koos Ellerheina t\u00fctarlastekooriga, kes l\u00f5petas n\u00f5nda oma Haanja kandis toimunud laululaagri. Kontserdil k\u00f5lasid laulud eraldi ja \u00fchiselt, l\u00f5puks oli rohkearvulise publiku ees laval enam kui 70 lauljat.<\/p>\n\n\t\t<style type=\"text\/css\">\n\t\t\t#gallery-1 {\n\t\t\t\tmargin: auto;\n\t\t\t}\n\t\t\t#gallery-1 .gallery-item {\n\t\t\t\tfloat: left;\n\t\t\t\tmargin-top: 10px;\n\t\t\t\ttext-align: center;\n\t\t\t\twidth: 33%;\n\t\t\t}\n\t\t\t#gallery-1 img {\n\t\t\t\tborder: 2px solid #cfcfcf;\n\t\t\t}\n\t\t\t#gallery-1 .gallery-caption {\n\t\t\t\tmargin-left: 0;\n\t\t\t}\n\t\t\t\/* see gallery_shortcode() in wp-includes\/media.php *\/\n\t\t<\/style>\n\t\t<div id='gallery-1' class='gallery galleryid-3544 gallery-columns-3 gallery-size-thumbnail'><dl class='gallery-item'>\n\t\t\t<dt class='gallery-icon landscape'>\n\t\t\t\t<a href='https:\/\/www.hilaro.ee\/wordpress\/wp-content\/uploads\/2014\/01\/2014_ellerhein_1.jpg'><img loading=\"lazy\" decoding=\"async\" width=\"150\" height=\"150\" src=\"https:\/\/www.hilaro.ee\/wordpress\/wp-content\/uploads\/2014\/01\/2014_ellerhein_1-150x150.jpg\" class=\"attachment-thumbnail size-thumbnail\" alt=\"\" aria-describedby=\"gallery-1-3545\" \/><\/a>\n\t\t\t<\/dt>\n\t\t\t\t<dd class='wp-caption-text gallery-caption' id='gallery-1-3545'>\n\t\t\t\tEsineb Hilaro\n\t\t\t\t<\/dd><\/dl><dl class='gallery-item'>\n\t\t\t<dt class='gallery-icon landscape'>\n\t\t\t\t<a href='https:\/\/www.hilaro.ee\/wordpress\/wp-content\/uploads\/2014\/01\/2014_ellerhein_2.jpg'><img loading=\"lazy\" decoding=\"async\" width=\"150\" height=\"150\" src=\"https:\/\/www.hilaro.ee\/wordpress\/wp-content\/uploads\/2014\/01\/2014_ellerhein_2-150x150.jpg\" class=\"attachment-thumbnail size-thumbnail\" alt=\"\" aria-describedby=\"gallery-1-3546\" \/><\/a>\n\t\t\t<\/dt>\n\t\t\t\t<dd class='wp-caption-text gallery-caption' id='gallery-1-3546'>\n\t\t\t\tEsineb Ellerhein\n\t\t\t\t<\/dd><\/dl><dl class='gallery-item'>\n\t\t\t<dt class='gallery-icon landscape'>\n\t\t\t\t<a href='https:\/\/www.hilaro.ee\/wordpress\/wp-content\/uploads\/2014\/01\/2014_ellerhein_7.jpg'><img loading=\"lazy\" decoding=\"async\" width=\"150\" height=\"150\" src=\"https:\/\/www.hilaro.ee\/wordpress\/wp-content\/uploads\/2014\/01\/2014_ellerhein_7-150x150.jpg\" class=\"attachment-thumbnail size-thumbnail\" alt=\"\" aria-describedby=\"gallery-1-3547\" \/><\/a>\n\t\t\t<\/dt>\n\t\t\t\t<dd class='wp-caption-text gallery-caption' id='gallery-1-3547'>\n\t\t\t\tEsineb \u00fchendkoor\n\t\t\t\t<\/dd><\/dl><br style=\"clear: both\" \/>\n\t\t<\/div>\n\n<p>[hr]<\/p>\n","protected":false},"excerpt":{"rendered":"<p>12. jaanuaril 2014 andis Hilaro V\u00f5ru Kandles \u00fchiskontserdi koos Ellerheina t\u00fctarlastekooriga, kes l\u00f5petas n\u00f5nda oma Haanja kandis toimunud laululaagri. Kontserdil k\u00f5lasid laulud eraldi ja \u00fchiselt, l\u00f5puks oli rohkearvulise publiku ees laval enam kui 70 lauljat. [hr]<\/p>\n","protected":false},"author":1,"featured_media":0,"comment_status":"open","ping_status":"open","sticky":false,"template":"","format":"standard","meta":{"footnotes":""},"categories":[1],"tags":[61,28,37],"class_list":["post-3544","post","type-post","status-publish","format-standard","hentry","category-uudised","tag-61","tag-kontsert-2","tag-kroonika"],"_links":{"self":[{"href":"https:\/\/www.hilaro.ee\/wordpress\/wp-json\/wp\/v2\/posts\/3544"}],"collection":[{"href":"https:\/\/www.hilaro.ee\/wordpress\/wp-json\/wp\/v2\/posts"}],"about":[{"href":"https:\/\/www.hilaro.ee\/wordpress\/wp-json\/wp\/v2\/types\/post"}],"author":[{"embeddable":true,"href":"https:\/\/www.hilaro.ee\/wordpress\/wp-json\/wp\/v2\/users\/1"}],"replies":[{"embeddable":true,"href":"https:\/\/www.hilaro.ee\/wordpress\/wp-json\/wp\/v2\/comments?post=3544"}],"version-history":[{"count":3,"href":"https:\/\/www.hilaro.ee\/wordpress\/wp-json\/wp\/v2\/posts\/3544\/revisions"}],"predecessor-version":[{"id":3550,"href":"https:\/\/www.hilaro.ee\/wordpress\/wp-json\/wp\/v2\/posts\/3544\/revisions\/3550"}],"wp:attachment":[{"href":"https:\/\/www.hilaro.ee\/wordpress\/wp-json\/wp\/v2\/media?parent=3544"}],"wp:term":[{"taxonomy":"category","embeddable":true,"href":"https:\/\/www.hilaro.ee\/wordpress\/wp-json\/wp\/v2\/categories?post=3544"},{"taxonomy":"post_tag","embeddable":true,"href":"https:\/\/www.hilaro.ee\/wordpress\/wp-json\/wp\/v2\/tags?post=3544"}],"curies":[{"name":"wp","href":"https:\/\/api.w.org\/{rel}","templated":true}]}}