{"id":3326,"date":"2013-09-13T08:09:00","date_gmt":"2013-09-13T05:09:00","guid":{"rendered":"http:\/\/www.hilaro.ee\/?p=3326"},"modified":"2013-09-13T08:10:17","modified_gmt":"2013-09-13T05:10:17","slug":"kolmanda-uma-pido-dvd","status":"publish","type":"post","link":"https:\/\/www.hilaro.ee\/wordpress\/2013\/09\/kolmanda-uma-pido-dvd\/","title":{"rendered":"Kolmanda Uma Pido DVD"},"content":{"rendered":"<p style=\"text-align: center;\"><img decoding=\"async\" class=\"wpimgload size-full wp-image-3327 aligncenter\" alt=\"Uma Pido logo\" src=\"http:\/\/www.hilaro.ee\/wordpress\/wp-content\/uploads\/2013\/09\/uma_pido_logo_600px.jpg\" width=\"400\" srcset=\"https:\/\/www.hilaro.ee\/wordpress\/wp-content\/uploads\/2013\/09\/uma_pido_logo_600px.jpg 600w, https:\/\/www.hilaro.ee\/wordpress\/wp-content\/uploads\/2013\/09\/uma_pido_logo_600px-300x66.jpg 300w\" sizes=\"(max-width: 600px) 100vw, 600px\" \/><\/p>\n<p>H\u00e4\u00e4 koorirahvas!<\/p>\n<p>S\u00fck\u00fcs om k\u00e4en ja nii ka vahts\u00f5n\u00f5 laulmin\u00f5 huugu kogoman. Uma Pido toimkund suuv teile\u00a0k\u00f5igil\u00f5 hel\u00fclist lauluhuuaigu!<\/p>\n<p>Meil om s\u00fc\u00e4mest h\u00e4\u00e4 miil teed\u00e4\u2019 anda\u2019, et valmis nakkas saama <strong>kolmanda Uma Pido DVD<\/strong>!<br \/>\nTegemiisi om \u00fcles v\u00f5et kat\u00f5 plaadi p\u00e4\u00e4le.<\/p>\n<p><strong>Edim\u00e4ne plaat<\/strong> k\u00f5n\u00f5l\u00f5s tuust, kuis pidos valmist\u00f5di. S\u00e4\u00e4l om p\u00e4\u00e4l vii tuumin\u00f5 p\u00fch\u00e4st\u00a0V\u00f5handu j\u00f5\u00f5st, kir\u00e4mehe Contra lipujuusk ehk tuu, kuis vahts\u00f5n\u00f5 v\u00f5rok\u00f5isi lipp Umal\u00f5<br \/>\nPidol\u00f5 j\u00f5uds\u00f5, Keriguplatsi laat ja pido p\u00e4\u00e4pruuv Kubijal ja viil p\u00f5n\u00f5vat k\u00f5n\u00f5l\u00f5mist\u00a0pidoga k\u00f6\u00fcdet inemiisiga.<\/p>\n<p><strong>T\u00f5s\u00f5 plaadi p\u00e4\u00e4l om III Uma Pido p\u00e4\u00e4konts\u00f5rt<\/strong> k\u00f5igi lauljid\u00f5 ja laul\u00f5, nalju ja pauguga! \ud83d\ude42<\/p>\n<p>DVD tegemist tug\u00f5si Piiriveere Liider Leader-programmist. Teno tool\u00f5 saa m\u00fc\u00fcgis tett\u00e4vide\u00a0plaat\u00f5 hind olla\u2019 k\u00f5igild\u00f5 m\u00f5istlik: <strong>top\u00f5lt-DVD mass \u00f5nn\u00f5 6 eurot<\/strong>.<br \/>\nPlaadi\u2019 saava\u2019 valmis oktoobrin. P\u00e4\u00e4lt tuud tet\u00e4s ka DVD pidolik esitl\u00fcs.<br \/>\nMi suuv om, et \u00fctski koorilaulja, ki\u00e4 taad plaati hind\u00e4le saia taht, tuust ilma es\u00a0j\u00e4\u00e4n\u00fc! Tuuper\u00e4st, armsa koorijuhi, pall\u00f5mi, et ti uurissi perr\u00e4, kupalljo ti koorin\u00a0huviliisi om!<br \/>\n<strong>Uma koori plaaditahtjid\u00f5 numm\u00f5r saatk\u00f5 meile ildampa 22. septembris.<\/strong><\/p>\n<p>Sjood pall\u00f5mi tet\u00e4\u2019 v\u00e4ega lihts\u00e4he. Saatk\u00f5 Ursula meili p\u00e4\u00e4le ursula@wi.ee<br \/>\n&#8211; koori nimi ja kumitu plaati sooviti saia\u2019<br \/>\n&#8211; kinkal\u00f5 arv\u00f5 tet\u00e4\u2019 (ku om mugavamb massa V\u00f5ro Instituudi kontorin, s\u00f5s tuud saa\u00a0kah!)<\/p>\n<p>Uma Pido toimkund om kimm\u00e4s, et III Uma Pido DVD om illos m\u00e4lest\u00fcs pidol k\u00e4\u00fcn\u00fcile. A\u00a0samapalljo ka kimm\u00e4s kingit\u00fcs s\u00f5prul\u00f5 vai sugulaisil\u00f5 joulus vai muus aos. Seoga saa\u00a0v\u00f5rok\u00f5isi ja esihind\u00e4 p\u00f5n\u00f5vit tegemiisi t\u00f5isil\u00f5 kitt\u00e4!<\/p>\n<p>L\u00e4mm\u00e4lt<br \/>\nUrsula Zimmermann<br \/>\n56 98 98 18<br \/>\nursula@wi.ee<\/p>\n","protected":false},"excerpt":{"rendered":"<p>H\u00e4\u00e4 koorirahvas! S\u00fck\u00fcs om k\u00e4en ja nii ka vahts\u00f5n\u00f5 laulmin\u00f5 huugu kogoman. Uma Pido toimkund suuv teile\u00a0k\u00f5igil\u00f5 hel\u00fclist lauluhuuaigu! Meil om s\u00fc\u00e4mest h\u00e4\u00e4 miil teed\u00e4\u2019 anda\u2019, et valmis nakkas saama kolmanda Uma Pido DVD! Tegemiisi om \u00fcles v\u00f5et kat\u00f5 plaadi p\u00e4\u00e4le. Edim\u00e4ne plaat k\u00f5n\u00f5l\u00f5s tuust, kuis pidos valmist\u00f5di. S\u00e4\u00e4l om p\u00e4\u00e4l vii tuumin\u00f5 p\u00fch\u00e4st\u00a0V\u00f5handu j\u00f5\u00f5st, [&hellip;]<\/p>\n","protected":false},"author":1,"featured_media":0,"comment_status":"open","ping_status":"open","sticky":false,"template":"","format":"standard","meta":{"footnotes":""},"categories":[1],"tags":[55,32,46],"class_list":["post-3326","post","type-post","status-publish","format-standard","hentry","category-uudised","tag-55","tag-teated","tag-uma-pido"],"_links":{"self":[{"href":"https:\/\/www.hilaro.ee\/wordpress\/wp-json\/wp\/v2\/posts\/3326"}],"collection":[{"href":"https:\/\/www.hilaro.ee\/wordpress\/wp-json\/wp\/v2\/posts"}],"about":[{"href":"https:\/\/www.hilaro.ee\/wordpress\/wp-json\/wp\/v2\/types\/post"}],"author":[{"embeddable":true,"href":"https:\/\/www.hilaro.ee\/wordpress\/wp-json\/wp\/v2\/users\/1"}],"replies":[{"embeddable":true,"href":"https:\/\/www.hilaro.ee\/wordpress\/wp-json\/wp\/v2\/comments?post=3326"}],"version-history":[{"count":5,"href":"https:\/\/www.hilaro.ee\/wordpress\/wp-json\/wp\/v2\/posts\/3326\/revisions"}],"predecessor-version":[{"id":3332,"href":"https:\/\/www.hilaro.ee\/wordpress\/wp-json\/wp\/v2\/posts\/3326\/revisions\/3332"}],"wp:attachment":[{"href":"https:\/\/www.hilaro.ee\/wordpress\/wp-json\/wp\/v2\/media?parent=3326"}],"wp:term":[{"taxonomy":"category","embeddable":true,"href":"https:\/\/www.hilaro.ee\/wordpress\/wp-json\/wp\/v2\/categories?post=3326"},{"taxonomy":"post_tag","embeddable":true,"href":"https:\/\/www.hilaro.ee\/wordpress\/wp-json\/wp\/v2\/tags?post=3326"}],"curies":[{"name":"wp","href":"https:\/\/api.w.org\/{rel}","templated":true}]}}