{"id":2972,"date":"2013-06-01T22:00:43","date_gmt":"2013-06-01T19:00:43","guid":{"rendered":"http:\/\/www.hilaro.ee\/?p=2972"},"modified":"2013-06-04T16:17:49","modified_gmt":"2013-06-04T13:17:49","slug":"kolmas-uma-pido","status":"publish","type":"post","link":"https:\/\/www.hilaro.ee\/wordpress\/2013\/06\/kolmas-uma-pido\/","title":{"rendered":"Kolmas Uma Pido"},"content":{"rendered":"<p><a href=\"http:\/\/www.hilaro.ee\/wordpress\/wp-content\/uploads\/2013\/06\/IMG_8956_1200px_umapido.jpg\"><img loading=\"lazy\" decoding=\"async\" src=\"http:\/\/www.hilaro.ee\/wordpress\/wp-content\/uploads\/2013\/06\/IMG_8956_1200px_umapido-300x200.jpg\" alt=\"III Uma Pido avamine\" width=\"300\" height=\"200\" class=\"wpimgload alignleft size-medium wp-image-2973 border_magic\" srcset=\"https:\/\/www.hilaro.ee\/wordpress\/wp-content\/uploads\/2013\/06\/IMG_8956_1200px_umapido-300x200.jpg 300w, https:\/\/www.hilaro.ee\/wordpress\/wp-content\/uploads\/2013\/06\/IMG_8956_1200px_umapido-1024x682.jpg 1024w, https:\/\/www.hilaro.ee\/wordpress\/wp-content\/uploads\/2013\/06\/IMG_8956_1200px_umapido.jpg 1200w\" sizes=\"(max-width: 300px) 100vw, 300px\" \/><\/a>1. juunil 2013 osales Hilaro v\u00f5rukeelsel laulu- ja rahvapeol <a href=\"http:\/\/www.umapido.ee\/\" title=\"Uma Pido veebileht\" target=\"_blank\">Uma Pido<\/a>, mis seekord toimus j\u00e4lle V\u00f5ru Kubija lauluv\u00e4ljakul. Hinnanguliselt v\u00f5ttis seekord \u00fcritusest osa 8100 inimest.<\/p>\n<p><a href=\"https:\/\/plus.google.com\/photos\/110355865487749828729\/albums\/5885323528710769761\" title=\"III Uma Pido pildid\" target=\"_blank\">+ Vaata peo pilte<\/a><br \/>\n<a href=\"http:\/\/umapido.wordpress.com\/2013\/06\/03\/uma-pidol-osales-8100-inimest\/\" title=\"Uma Pido pressiteade peale pidu\">+ Loe pressiteadet<\/a><\/p>\n<p>[hr]<\/p>\n","protected":false},"excerpt":{"rendered":"<p>1. juunil 2013 osales Hilaro v\u00f5rukeelsel laulu- ja rahvapeol Uma Pido, mis seekord toimus j\u00e4lle V\u00f5ru Kubija lauluv\u00e4ljakul. Hinnanguliselt v\u00f5ttis seekord \u00fcritusest osa 8100 inimest. + Vaata peo pilte + Loe pressiteadet [hr]<\/p>\n","protected":false},"author":1,"featured_media":0,"comment_status":"open","ping_status":"open","sticky":false,"template":"","format":"standard","meta":{"footnotes":""},"categories":[1],"tags":[55,28,46],"class_list":["post-2972","post","type-post","status-publish","format-standard","hentry","category-uudised","tag-55","tag-kontsert-2","tag-uma-pido"],"_links":{"self":[{"href":"https:\/\/www.hilaro.ee\/wordpress\/wp-json\/wp\/v2\/posts\/2972"}],"collection":[{"href":"https:\/\/www.hilaro.ee\/wordpress\/wp-json\/wp\/v2\/posts"}],"about":[{"href":"https:\/\/www.hilaro.ee\/wordpress\/wp-json\/wp\/v2\/types\/post"}],"author":[{"embeddable":true,"href":"https:\/\/www.hilaro.ee\/wordpress\/wp-json\/wp\/v2\/users\/1"}],"replies":[{"embeddable":true,"href":"https:\/\/www.hilaro.ee\/wordpress\/wp-json\/wp\/v2\/comments?post=2972"}],"version-history":[{"count":5,"href":"https:\/\/www.hilaro.ee\/wordpress\/wp-json\/wp\/v2\/posts\/2972\/revisions"}],"predecessor-version":[{"id":2981,"href":"https:\/\/www.hilaro.ee\/wordpress\/wp-json\/wp\/v2\/posts\/2972\/revisions\/2981"}],"wp:attachment":[{"href":"https:\/\/www.hilaro.ee\/wordpress\/wp-json\/wp\/v2\/media?parent=2972"}],"wp:term":[{"taxonomy":"category","embeddable":true,"href":"https:\/\/www.hilaro.ee\/wordpress\/wp-json\/wp\/v2\/categories?post=2972"},{"taxonomy":"post_tag","embeddable":true,"href":"https:\/\/www.hilaro.ee\/wordpress\/wp-json\/wp\/v2\/tags?post=2972"}],"curies":[{"name":"wp","href":"https:\/\/api.w.org\/{rel}","templated":true}]}}