{"id":2913,"date":"2013-05-04T22:00:00","date_gmt":"2013-05-04T19:00:00","guid":{"rendered":"http:\/\/www.hilaro.ee\/?p=2913"},"modified":"2013-05-10T14:05:24","modified_gmt":"2013-05-10T11:05:24","slug":"hilaro-aastapaev-rakett-22","status":"publish","type":"post","link":"https:\/\/www.hilaro.ee\/wordpress\/2013\/05\/hilaro-aastapaev-rakett-22\/","title":{"rendered":"Hilaro aastap\u00e4ev: Rakett 22"},"content":{"rendered":"<p><a href=\"http:\/\/www.hilaro.ee\/wordpress\/wp-content\/uploads\/2013\/05\/IMG_2537_hilaro.jpg\"><img loading=\"lazy\" decoding=\"async\" src=\"http:\/\/www.hilaro.ee\/wordpress\/wp-content\/uploads\/2013\/05\/IMG_2537_hilaro-300x200.jpg\" alt=\"Hilaro valmistas oma satelliidid.\" width=\"300\" height=\"200\" class=\"wpimgload alignleft size-medium wp-image-2914 border_magic\" srcset=\"https:\/\/www.hilaro.ee\/wordpress\/wp-content\/uploads\/2013\/05\/IMG_2537_hilaro-300x200.jpg 300w, https:\/\/www.hilaro.ee\/wordpress\/wp-content\/uploads\/2013\/05\/IMG_2537_hilaro-1024x682.jpg 1024w, https:\/\/www.hilaro.ee\/wordpress\/wp-content\/uploads\/2013\/05\/IMG_2537_hilaro.jpg 1200w\" sizes=\"(max-width: 300px) 100vw, 300px\" \/><\/a><strong>4. mail 2013<\/strong> toimunud aastap\u00e4evapeol &#8220;Rakett 22&#8221; ulatas Hilaro seekord abik\u00e4e EstCube projektile ning timmis omalt poolt ka v\u00e4heke satelliiti. Sellest oli abi &#8211; saimegi ta l\u00f5puks orbiidile!<br \/>\nLisaks v\u00f5eti muidugi vastu uusi liikmeid ja tunnustati teenelisi. Esmakordselt said eraldi t\u00e4natud ka &#8220;kolmekordselt&#8221; teenelised ehk lauljad, kellel Hilaro staa\u017ei on juba 21 aastat. Neid on meie kooris praegu 12.<\/p>\n<p>[hr]<\/p>\n","protected":false},"excerpt":{"rendered":"<p>4. mail 2013 toimunud aastap\u00e4evapeol &#8220;Rakett 22&#8221; ulatas Hilaro seekord abik\u00e4e EstCube projektile ning timmis omalt poolt ka v\u00e4heke satelliiti. Sellest oli abi &#8211; saimegi ta l\u00f5puks orbiidile! Lisaks v\u00f5eti muidugi vastu uusi liikmeid ja tunnustati teenelisi. Esmakordselt said eraldi t\u00e4natud ka &#8220;kolmekordselt&#8221; teenelised ehk lauljad, kellel Hilaro staa\u017ei on juba 21 aastat. Neid on [&hellip;]<\/p>\n","protected":false},"author":1,"featured_media":0,"comment_status":"open","ping_status":"open","sticky":false,"template":"","format":"standard","meta":{"footnotes":""},"categories":[1],"tags":[55,47,25],"class_list":["post-2913","post","type-post","status-publish","format-standard","hentry","category-uudised","tag-55","tag-aastapaevapidu","tag-uritused"],"_links":{"self":[{"href":"https:\/\/www.hilaro.ee\/wordpress\/wp-json\/wp\/v2\/posts\/2913"}],"collection":[{"href":"https:\/\/www.hilaro.ee\/wordpress\/wp-json\/wp\/v2\/posts"}],"about":[{"href":"https:\/\/www.hilaro.ee\/wordpress\/wp-json\/wp\/v2\/types\/post"}],"author":[{"embeddable":true,"href":"https:\/\/www.hilaro.ee\/wordpress\/wp-json\/wp\/v2\/users\/1"}],"replies":[{"embeddable":true,"href":"https:\/\/www.hilaro.ee\/wordpress\/wp-json\/wp\/v2\/comments?post=2913"}],"version-history":[{"count":3,"href":"https:\/\/www.hilaro.ee\/wordpress\/wp-json\/wp\/v2\/posts\/2913\/revisions"}],"predecessor-version":[{"id":2917,"href":"https:\/\/www.hilaro.ee\/wordpress\/wp-json\/wp\/v2\/posts\/2913\/revisions\/2917"}],"wp:attachment":[{"href":"https:\/\/www.hilaro.ee\/wordpress\/wp-json\/wp\/v2\/media?parent=2913"}],"wp:term":[{"taxonomy":"category","embeddable":true,"href":"https:\/\/www.hilaro.ee\/wordpress\/wp-json\/wp\/v2\/categories?post=2913"},{"taxonomy":"post_tag","embeddable":true,"href":"https:\/\/www.hilaro.ee\/wordpress\/wp-json\/wp\/v2\/tags?post=2913"}],"curies":[{"name":"wp","href":"https:\/\/api.w.org\/{rel}","templated":true}]}}