{"id":2833,"date":"2013-03-17T20:00:29","date_gmt":"2013-03-17T18:00:29","guid":{"rendered":"http:\/\/www.hilaro.ee\/?p=2833"},"modified":"2013-03-18T12:13:06","modified_gmt":"2013-03-18T10:13:06","slug":"kontsert-parksepas","status":"publish","type":"post","link":"https:\/\/www.hilaro.ee\/wordpress\/2013\/03\/kontsert-parksepas\/","title":{"rendered":"Kontsert Parksepas"},"content":{"rendered":"<p><strong>17. m\u00e4rtsil 2013<\/strong> andis Hilaro kontserdi Parksepa Keskkoolis, \u00fcrituse korraldas Parksepa rahvamaja. Uma Pido laulude esitamisel l\u00f5id kaasa ka Lapi Laulijad.<br \/>\n\n\t\t<style type=\"text\/css\">\n\t\t\t#gallery-1 {\n\t\t\t\tmargin: auto;\n\t\t\t}\n\t\t\t#gallery-1 .gallery-item {\n\t\t\t\tfloat: left;\n\t\t\t\tmargin-top: 10px;\n\t\t\t\ttext-align: center;\n\t\t\t\twidth: 33%;\n\t\t\t}\n\t\t\t#gallery-1 img {\n\t\t\t\tborder: 2px solid #cfcfcf;\n\t\t\t}\n\t\t\t#gallery-1 .gallery-caption {\n\t\t\t\tmargin-left: 0;\n\t\t\t}\n\t\t\t\/* see gallery_shortcode() in wp-includes\/media.php *\/\n\t\t<\/style>\n\t\t<div id='gallery-1' class='gallery galleryid-2833 gallery-columns-3 gallery-size-thumbnail'><dl class='gallery-item'>\n\t\t\t<dt class='gallery-icon landscape'>\n\t\t\t\t<a href='https:\/\/www.hilaro.ee\/wordpress\/wp-content\/uploads\/2013\/03\/892230.jpg'><img loading=\"lazy\" decoding=\"async\" width=\"150\" height=\"150\" src=\"https:\/\/www.hilaro.ee\/wordpress\/wp-content\/uploads\/2013\/03\/892230-150x150.jpg\" class=\"attachment-thumbnail size-thumbnail\" alt=\"\" \/><\/a>\n\t\t\t<\/dt><\/dl><dl class='gallery-item'>\n\t\t\t<dt class='gallery-icon landscape'>\n\t\t\t\t<a href='https:\/\/www.hilaro.ee\/wordpress\/wp-content\/uploads\/2013\/03\/881938.jpg'><img loading=\"lazy\" decoding=\"async\" width=\"150\" height=\"150\" src=\"https:\/\/www.hilaro.ee\/wordpress\/wp-content\/uploads\/2013\/03\/881938-150x150.jpg\" class=\"attachment-thumbnail size-thumbnail\" alt=\"\" \/><\/a>\n\t\t\t<\/dt><\/dl>\n\t\t\t<br style='clear: both' \/>\n\t\t<\/div>\n<\/p>\n<p><a href=\"https:\/\/www.facebook.com\/media\/set\/?set=a.10151621417639050.1073741825.218563734049&#038;type=1&#038;l=e64932a01d\" title=\"Pildigalerii Facebookis\" target=\"_blank\">+ Vaata veel pilte Facebookis<\/a><\/p>\n<p>[hr]<\/p>\n","protected":false},"excerpt":{"rendered":"<p>17. m\u00e4rtsil 2013 andis Hilaro kontserdi Parksepa Keskkoolis, \u00fcrituse korraldas Parksepa rahvamaja. Uma Pido laulude esitamisel l\u00f5id kaasa ka Lapi Laulijad. + Vaata veel pilte Facebookis [hr]<\/p>\n","protected":false},"author":1,"featured_media":0,"comment_status":"open","ping_status":"open","sticky":false,"template":"","format":"standard","meta":{"footnotes":""},"categories":[1],"tags":[55,28,37],"class_list":["post-2833","post","type-post","status-publish","format-standard","hentry","category-uudised","tag-55","tag-kontsert-2","tag-kroonika"],"_links":{"self":[{"href":"https:\/\/www.hilaro.ee\/wordpress\/wp-json\/wp\/v2\/posts\/2833"}],"collection":[{"href":"https:\/\/www.hilaro.ee\/wordpress\/wp-json\/wp\/v2\/posts"}],"about":[{"href":"https:\/\/www.hilaro.ee\/wordpress\/wp-json\/wp\/v2\/types\/post"}],"author":[{"embeddable":true,"href":"https:\/\/www.hilaro.ee\/wordpress\/wp-json\/wp\/v2\/users\/1"}],"replies":[{"embeddable":true,"href":"https:\/\/www.hilaro.ee\/wordpress\/wp-json\/wp\/v2\/comments?post=2833"}],"version-history":[{"count":3,"href":"https:\/\/www.hilaro.ee\/wordpress\/wp-json\/wp\/v2\/posts\/2833\/revisions"}],"predecessor-version":[{"id":2838,"href":"https:\/\/www.hilaro.ee\/wordpress\/wp-json\/wp\/v2\/posts\/2833\/revisions\/2838"}],"wp:attachment":[{"href":"https:\/\/www.hilaro.ee\/wordpress\/wp-json\/wp\/v2\/media?parent=2833"}],"wp:term":[{"taxonomy":"category","embeddable":true,"href":"https:\/\/www.hilaro.ee\/wordpress\/wp-json\/wp\/v2\/categories?post=2833"},{"taxonomy":"post_tag","embeddable":true,"href":"https:\/\/www.hilaro.ee\/wordpress\/wp-json\/wp\/v2\/tags?post=2833"}],"curies":[{"name":"wp","href":"https:\/\/api.w.org\/{rel}","templated":true}]}}