{"id":2817,"date":"2013-03-05T15:56:12","date_gmt":"2013-03-05T13:56:12","guid":{"rendered":"http:\/\/www.hilaro.ee\/?p=2817"},"modified":"2013-03-18T13:22:22","modified_gmt":"2013-03-18T11:22:22","slug":"algab-ettevalmistus-2014-aasta-uldlaulupeoks","status":"publish","type":"post","link":"https:\/\/www.hilaro.ee\/wordpress\/2013\/03\/algab-ettevalmistus-2014-aasta-uldlaulupeoks\/","title":{"rendered":"Algab ettevalmistus 2014. aasta \u00fcldlaulupeoks"},"content":{"rendered":"<p><strong>4.-6. juuli 2014<\/strong> toimub Tallinnas XXVI laulu- ja XIX tantsupidu <strong>Aja puudutus. Puudutuse aeg!<\/strong><br \/>\nK\u00f5ik meie lauljad, kes hetkel aktiivsest koori t\u00f6\u00f6st osa ei v\u00f5ta, kuid on planeerinud laulupeost osa v\u00f5tta &#8211; n\u00fc\u00fcd on varsti \u00f5ige aeg proovidega liituda! <\/p>\n<h5>Hilaro alustab laulupeo lauludega tutvumist <strong>24. m\u00e4rtsi proovis<\/strong>.<\/h5>\n<div id=\"attachment_1372\" style=\"width: 310px\" class=\"wp-caption alignleft\"><a href=\"http:\/\/www.hilaro.ee\/wordpress\/wp-content\/uploads\/2011\/09\/teg_18_10_big.jpg\"><img loading=\"lazy\" decoding=\"async\" aria-describedby=\"caption-attachment-1372\" src=\"http:\/\/www.hilaro.ee\/wordpress\/wp-content\/uploads\/2011\/09\/teg_18_10_big-300x200.jpg\" alt=\"Hilaro h\u00f5issa!\" width=\"300\" height=\"200\" class=\"wpimgload size-medium wp-image-1372\" srcset=\"https:\/\/www.hilaro.ee\/wordpress\/wp-content\/uploads\/2011\/09\/teg_18_10_big-300x200.jpg 300w, https:\/\/www.hilaro.ee\/wordpress\/wp-content\/uploads\/2011\/09\/teg_18_10_big.jpg 1000w\" sizes=\"(max-width: 300px) 100vw, 300px\" \/><\/a><p id=\"caption-attachment-1372\" class=\"wp-caption-text\">Hilaro 2009. aasta \u00fcldlaulupeo rongk\u00e4igus<\/p><\/div>\n<p>[hr]<\/p>\n","protected":false},"excerpt":{"rendered":"<p>4.-6. juuli 2014 toimub Tallinnas XXVI laulu- ja XIX tantsupidu Aja puudutus. Puudutuse aeg! K\u00f5ik meie lauljad, kes hetkel aktiivsest koori t\u00f6\u00f6st osa ei v\u00f5ta, kuid on planeerinud laulupeost osa v\u00f5tta &#8211; n\u00fc\u00fcd on varsti \u00f5ige aeg proovidega liituda! Hilaro alustab laulupeo lauludega tutvumist 24. m\u00e4rtsi proovis. [hr]<\/p>\n","protected":false},"author":1,"featured_media":0,"comment_status":"open","ping_status":"open","sticky":false,"template":"","format":"standard","meta":{"footnotes":""},"categories":[39,1],"tags":[55,42],"class_list":["post-2817","post","type-post","status-publish","format-standard","hentry","category-lauljale","category-uudised","tag-55","tag-uldlaulupidu"],"_links":{"self":[{"href":"https:\/\/www.hilaro.ee\/wordpress\/wp-json\/wp\/v2\/posts\/2817"}],"collection":[{"href":"https:\/\/www.hilaro.ee\/wordpress\/wp-json\/wp\/v2\/posts"}],"about":[{"href":"https:\/\/www.hilaro.ee\/wordpress\/wp-json\/wp\/v2\/types\/post"}],"author":[{"embeddable":true,"href":"https:\/\/www.hilaro.ee\/wordpress\/wp-json\/wp\/v2\/users\/1"}],"replies":[{"embeddable":true,"href":"https:\/\/www.hilaro.ee\/wordpress\/wp-json\/wp\/v2\/comments?post=2817"}],"version-history":[{"count":5,"href":"https:\/\/www.hilaro.ee\/wordpress\/wp-json\/wp\/v2\/posts\/2817\/revisions"}],"predecessor-version":[{"id":2839,"href":"https:\/\/www.hilaro.ee\/wordpress\/wp-json\/wp\/v2\/posts\/2817\/revisions\/2839"}],"wp:attachment":[{"href":"https:\/\/www.hilaro.ee\/wordpress\/wp-json\/wp\/v2\/media?parent=2817"}],"wp:term":[{"taxonomy":"category","embeddable":true,"href":"https:\/\/www.hilaro.ee\/wordpress\/wp-json\/wp\/v2\/categories?post=2817"},{"taxonomy":"post_tag","embeddable":true,"href":"https:\/\/www.hilaro.ee\/wordpress\/wp-json\/wp\/v2\/tags?post=2817"}],"curies":[{"name":"wp","href":"https:\/\/api.w.org\/{rel}","templated":true}]}}