{"id":2795,"date":"2013-02-24T18:00:17","date_gmt":"2013-02-24T16:00:17","guid":{"rendered":"http:\/\/www.hilaro.ee\/?p=2795"},"modified":"2020-02-25T14:02:36","modified_gmt":"2020-02-25T12:02:36","slug":"eesti-vabariik-95","status":"publish","type":"post","link":"https:\/\/www.hilaro.ee\/wordpress\/2013\/02\/eesti-vabariik-95\/","title":{"rendered":"Eesti Vabariik &#8211; 95"},"content":{"rendered":"<p><strong>22. ja 24. veebruaril 2013<\/strong> esitas Hilaro koos ansambliga Fibrill ja V\u00f5ru Kreutzwaldi G\u00fcmnaasiumi ning Parksepa Keskkooli lastekooridega V\u00f5ru Kandles kontsert-etenduse &#8220;<a href=\"http:\/\/www.hilaro.ee\/2013\/02\/kontsertetendus-eesti-moodi-olemine\/\" title=\"Eesti moodi olemine\">Eesti moodi olemine<\/a>&#8220;. Solistideks olid Hellika Otsar ja T\u00f5nis Sarap.<br \/>\nN\u00f5nda t\u00e4histasime seekord Eesti Vabariigi 95. s\u00fcnnip\u00e4eva.<\/p>\n\n\t\t<style type=\"text\/css\">\n\t\t\t#gallery-1 {\n\t\t\t\tmargin: auto;\n\t\t\t}\n\t\t\t#gallery-1 .gallery-item {\n\t\t\t\tfloat: left;\n\t\t\t\tmargin-top: 10px;\n\t\t\t\ttext-align: center;\n\t\t\t\twidth: 33%;\n\t\t\t}\n\t\t\t#gallery-1 img {\n\t\t\t\tborder: 2px solid #cfcfcf;\n\t\t\t}\n\t\t\t#gallery-1 .gallery-caption {\n\t\t\t\tmargin-left: 0;\n\t\t\t}\n\t\t\t\/* see gallery_shortcode() in wp-includes\/media.php *\/\n\t\t<\/style>\n\t\t<div id='gallery-1' class='gallery galleryid-2795 gallery-columns-3 gallery-size-thumbnail'><dl class='gallery-item'>\n\t\t\t<dt class='gallery-icon landscape'>\n\t\t\t\t<a href='https:\/\/www.hilaro.ee\/wordpress\/wp-content\/uploads\/2011\/08\/IMG_0997_1200px_fb.jpg'><img loading=\"lazy\" decoding=\"async\" width=\"150\" height=\"150\" src=\"https:\/\/www.hilaro.ee\/wordpress\/wp-content\/uploads\/2011\/08\/IMG_0997_1200px_fb-150x150.jpg\" class=\"attachment-thumbnail size-thumbnail\" alt=\"\" \/><\/a>\n\t\t\t<\/dt><\/dl><dl class='gallery-item'>\n\t\t\t<dt class='gallery-icon landscape'>\n\t\t\t\t<a href='https:\/\/www.hilaro.ee\/wordpress\/wp-content\/uploads\/2011\/08\/IMG_1031_1200px_fb.jpg'><img loading=\"lazy\" decoding=\"async\" width=\"150\" height=\"150\" src=\"https:\/\/www.hilaro.ee\/wordpress\/wp-content\/uploads\/2011\/08\/IMG_1031_1200px_fb-150x150.jpg\" class=\"attachment-thumbnail size-thumbnail\" alt=\"\" \/><\/a>\n\t\t\t<\/dt><\/dl><dl class='gallery-item'>\n\t\t\t<dt class='gallery-icon landscape'>\n\t\t\t\t<a href='https:\/\/www.hilaro.ee\/wordpress\/wp-content\/uploads\/2011\/08\/IMG_1028_1200px_fb.jpg'><img loading=\"lazy\" decoding=\"async\" width=\"150\" height=\"150\" src=\"https:\/\/www.hilaro.ee\/wordpress\/wp-content\/uploads\/2011\/08\/IMG_1028_1200px_fb-150x150.jpg\" class=\"attachment-thumbnail size-thumbnail\" alt=\"\" \/><\/a>\n\t\t\t<\/dt><\/dl><br style=\"clear: both\" \/>\n\t\t<\/div>\n\n","protected":false},"excerpt":{"rendered":"<p>22. ja 24. veebruaril 2013 esitas Hilaro koos ansambliga Fibrill ja V\u00f5ru Kreutzwaldi G\u00fcmnaasiumi ning Parksepa Keskkooli lastekooridega V\u00f5ru Kandles kontsert-etenduse &#8220;Eesti moodi olemine&#8220;. Solistideks olid Hellika Otsar ja T\u00f5nis Sarap. N\u00f5nda t\u00e4histasime seekord Eesti Vabariigi 95. s\u00fcnnip\u00e4eva.<\/p>\n","protected":false},"author":1,"featured_media":0,"comment_status":"open","ping_status":"open","sticky":false,"template":"","format":"standard","meta":{"footnotes":""},"categories":[1],"tags":[55,111,28,37],"class_list":["post-2795","post","type-post","status-publish","format-standard","hentry","category-uudised","tag-55","tag-ev","tag-kontsert-2","tag-kroonika"],"_links":{"self":[{"href":"https:\/\/www.hilaro.ee\/wordpress\/wp-json\/wp\/v2\/posts\/2795"}],"collection":[{"href":"https:\/\/www.hilaro.ee\/wordpress\/wp-json\/wp\/v2\/posts"}],"about":[{"href":"https:\/\/www.hilaro.ee\/wordpress\/wp-json\/wp\/v2\/types\/post"}],"author":[{"embeddable":true,"href":"https:\/\/www.hilaro.ee\/wordpress\/wp-json\/wp\/v2\/users\/1"}],"replies":[{"embeddable":true,"href":"https:\/\/www.hilaro.ee\/wordpress\/wp-json\/wp\/v2\/comments?post=2795"}],"version-history":[{"count":5,"href":"https:\/\/www.hilaro.ee\/wordpress\/wp-json\/wp\/v2\/posts\/2795\/revisions"}],"predecessor-version":[{"id":2802,"href":"https:\/\/www.hilaro.ee\/wordpress\/wp-json\/wp\/v2\/posts\/2795\/revisions\/2802"}],"wp:attachment":[{"href":"https:\/\/www.hilaro.ee\/wordpress\/wp-json\/wp\/v2\/media?parent=2795"}],"wp:term":[{"taxonomy":"category","embeddable":true,"href":"https:\/\/www.hilaro.ee\/wordpress\/wp-json\/wp\/v2\/categories?post=2795"},{"taxonomy":"post_tag","embeddable":true,"href":"https:\/\/www.hilaro.ee\/wordpress\/wp-json\/wp\/v2\/tags?post=2795"}],"curies":[{"name":"wp","href":"https:\/\/api.w.org\/{rel}","templated":true}]}}