{"id":2626,"date":"2012-11-04T20:00:00","date_gmt":"2012-11-04T18:00:00","guid":{"rendered":"http:\/\/www.hilaro.ee\/?p=2626"},"modified":"2012-11-06T19:28:20","modified_gmt":"2012-11-06T17:28:20","slug":"hingedepaeva-kontsert-kandles","status":"publish","type":"post","link":"https:\/\/www.hilaro.ee\/wordpress\/2012\/11\/hingedepaeva-kontsert-kandles\/","title":{"rendered":"Hingedep\u00e4eva kontsert Kandles"},"content":{"rendered":"<p><strong>4. novembril 2012<\/strong> toimus V\u00f5ru Kandles kooride hingedep\u00e4evale p\u00fchendatud kontsert. <\/p>\n<p><em>&#8220;November on hingedekuu. Muistse usu j\u00e4rgi arvatakse, et sel kuul inimeste maalt lahkunud hinged oma kodusid k\u00fclastavad. Paljudel Kandle seltsi tegelastel oli Kandle maja teiseks koduks. Miks me ei v\u00f5iks uskuda, et nende hingekesed korraks koju p\u00f6\u00f6rdudes ka Kandle majast &#8220;l\u00e4bi astuvad&#8221;. Segakoorid Hilaro ja Tervis; naiskoorid Kannel ja Tempera ning V\u00f5ru Meeskoor laulavad V\u00f5ru Kandle tegelaste m\u00e4lestuseks.&#8221;<br \/>\n<\/em><\/p>\n<p>Kakssada lauljat ja kakssada kuulajat, palus Heiki Kelp m\u00e4rkida ajalooraamatusse peale kontserti. Kuulajaid oli t\u00f5en\u00e4oliselt rohkem, sest number saadi toolide j\u00e4rgi, kuid kaugeltki kogu publik ei mahtunud istuma.<\/p>\n\n\t\t<style type=\"text\/css\">\n\t\t\t#gallery-1 {\n\t\t\t\tmargin: auto;\n\t\t\t}\n\t\t\t#gallery-1 .gallery-item {\n\t\t\t\tfloat: left;\n\t\t\t\tmargin-top: 10px;\n\t\t\t\ttext-align: center;\n\t\t\t\twidth: 33%;\n\t\t\t}\n\t\t\t#gallery-1 img {\n\t\t\t\tborder: 2px solid #cfcfcf;\n\t\t\t}\n\t\t\t#gallery-1 .gallery-caption {\n\t\t\t\tmargin-left: 0;\n\t\t\t}\n\t\t\t\/* see gallery_shortcode() in wp-includes\/media.php *\/\n\t\t<\/style>\n\t\t<div id='gallery-1' class='gallery galleryid-2626 gallery-columns-3 gallery-size-thumbnail'><dl class='gallery-item'>\n\t\t\t<dt class='gallery-icon landscape'>\n\t\t\t\t<a href='https:\/\/www.hilaro.ee\/wordpress\/wp-content\/uploads\/2012\/11\/Hilaro_hingedep\u00e4eval.jpg'><img loading=\"lazy\" decoding=\"async\" width=\"150\" height=\"150\" src=\"https:\/\/www.hilaro.ee\/wordpress\/wp-content\/uploads\/2012\/11\/Hilaro_hingedep\u00e4eval-150x150.jpg\" class=\"attachment-thumbnail size-thumbnail\" alt=\"Hilaro\" \/><\/a>\n\t\t\t<\/dt><\/dl><dl class='gallery-item'>\n\t\t\t<dt class='gallery-icon landscape'>\n\t\t\t\t<a href='https:\/\/www.hilaro.ee\/wordpress\/wp-content\/uploads\/2012\/11\/IMG_0216_hilaro.jpg'><img loading=\"lazy\" decoding=\"async\" width=\"150\" height=\"150\" src=\"https:\/\/www.hilaro.ee\/wordpress\/wp-content\/uploads\/2012\/11\/IMG_0216_hilaro-150x150.jpg\" class=\"attachment-thumbnail size-thumbnail\" alt=\"\" \/><\/a>\n\t\t\t<\/dt><\/dl><dl class='gallery-item'>\n\t\t\t<dt class='gallery-icon landscape'>\n\t\t\t\t<a href='https:\/\/www.hilaro.ee\/wordpress\/wp-content\/uploads\/2012\/11\/IMG_0212_hilaro.jpg'><img loading=\"lazy\" decoding=\"async\" width=\"150\" height=\"150\" src=\"https:\/\/www.hilaro.ee\/wordpress\/wp-content\/uploads\/2012\/11\/IMG_0212_hilaro-150x150.jpg\" class=\"attachment-thumbnail size-thumbnail\" alt=\"\" \/><\/a>\n\t\t\t<\/dt><\/dl><br style=\"clear: both\" \/>\n\t\t<\/div>\n\n","protected":false},"excerpt":{"rendered":"<p>4. novembril 2012 toimus V\u00f5ru Kandles kooride hingedep\u00e4evale p\u00fchendatud kontsert. &#8220;November on hingedekuu. Muistse usu j\u00e4rgi arvatakse, et sel kuul inimeste maalt lahkunud hinged oma kodusid k\u00fclastavad. Paljudel Kandle seltsi tegelastel oli Kandle maja teiseks koduks. Miks me ei v\u00f5iks uskuda, et nende hingekesed korraks koju p\u00f6\u00f6rdudes ka Kandle majast &#8220;l\u00e4bi astuvad&#8221;. Segakoorid Hilaro ja [&hellip;]<\/p>\n","protected":false},"author":1,"featured_media":0,"comment_status":"open","ping_status":"open","sticky":false,"template":"","format":"standard","meta":{"footnotes":""},"categories":[1],"tags":[48,28,37],"class_list":["post-2626","post","type-post","status-publish","format-standard","hentry","category-uudised","tag-48","tag-kontsert-2","tag-kroonika"],"_links":{"self":[{"href":"https:\/\/www.hilaro.ee\/wordpress\/wp-json\/wp\/v2\/posts\/2626"}],"collection":[{"href":"https:\/\/www.hilaro.ee\/wordpress\/wp-json\/wp\/v2\/posts"}],"about":[{"href":"https:\/\/www.hilaro.ee\/wordpress\/wp-json\/wp\/v2\/types\/post"}],"author":[{"embeddable":true,"href":"https:\/\/www.hilaro.ee\/wordpress\/wp-json\/wp\/v2\/users\/1"}],"replies":[{"embeddable":true,"href":"https:\/\/www.hilaro.ee\/wordpress\/wp-json\/wp\/v2\/comments?post=2626"}],"version-history":[{"count":5,"href":"https:\/\/www.hilaro.ee\/wordpress\/wp-json\/wp\/v2\/posts\/2626\/revisions"}],"predecessor-version":[{"id":2633,"href":"https:\/\/www.hilaro.ee\/wordpress\/wp-json\/wp\/v2\/posts\/2626\/revisions\/2633"}],"wp:attachment":[{"href":"https:\/\/www.hilaro.ee\/wordpress\/wp-json\/wp\/v2\/media?parent=2626"}],"wp:term":[{"taxonomy":"category","embeddable":true,"href":"https:\/\/www.hilaro.ee\/wordpress\/wp-json\/wp\/v2\/categories?post=2626"},{"taxonomy":"post_tag","embeddable":true,"href":"https:\/\/www.hilaro.ee\/wordpress\/wp-json\/wp\/v2\/tags?post=2626"}],"curies":[{"name":"wp","href":"https:\/\/api.w.org\/{rel}","templated":true}]}}