{"id":2406,"date":"2012-09-17T15:01:33","date_gmt":"2012-09-17T12:01:33","guid":{"rendered":"http:\/\/www.hilaro.ee\/?p=2406"},"modified":"2012-09-17T15:02:18","modified_gmt":"2012-09-17T12:02:18","slug":"laululaager-kurgjarvel-6","status":"publish","type":"post","link":"https:\/\/www.hilaro.ee\/wordpress\/2012\/09\/laululaager-kurgjarvel-6\/","title":{"rendered":"Laululaager Kurgj\u00e4rvel"},"content":{"rendered":"<p><strong>15.-16. septembril 2012<\/strong> toimus Hilaro traditsiooniline laululaager Kurgj\u00e4rvel. Seekord oli \u00fcritusel kaastegevaks \u00fcks meie vaieldamatuid lemmikansambleid &#8211; H.B.B ehk Hilaro Bassi B\u00e4nd. Pildil on hetk nende vastvalminud plaadi esitluse pressikonverentsilt.<br \/>\n<a href=\"http:\/\/www.hilaro.ee\/wordpress\/wp-content\/uploads\/2012\/09\/IMG_9006_hilaro.jpg\"><img loading=\"lazy\" decoding=\"async\" src=\"http:\/\/www.hilaro.ee\/wordpress\/wp-content\/uploads\/2012\/09\/IMG_9006_hilaro-300x199.jpg\" alt=\"Ansambli H.B.B. uue plaadi esitluse pressikonverents.\" title=\"H.B.B.\" width=\"300\" height=\"199\" class=\"wpimgload alignleft size-medium wp-image-2407 border_magic\" srcset=\"https:\/\/www.hilaro.ee\/wordpress\/wp-content\/uploads\/2012\/09\/IMG_9006_hilaro-300x199.jpg 300w, https:\/\/www.hilaro.ee\/wordpress\/wp-content\/uploads\/2012\/09\/IMG_9006_hilaro.jpg 1000w\" sizes=\"(max-width: 300px) 100vw, 300px\" \/><\/a><\/p>\n<p>[hr]<\/p>\n","protected":false},"excerpt":{"rendered":"<p>15.-16. septembril 2012 toimus Hilaro traditsiooniline laululaager Kurgj\u00e4rvel. Seekord oli \u00fcritusel kaastegevaks \u00fcks meie vaieldamatuid lemmikansambleid &#8211; H.B.B ehk Hilaro Bassi B\u00e4nd. Pildil on hetk nende vastvalminud plaadi esitluse pressikonverentsilt. [hr]<\/p>\n","protected":false},"author":1,"featured_media":0,"comment_status":"open","ping_status":"open","sticky":false,"template":"","format":"standard","meta":{"footnotes":""},"categories":[1],"tags":[48,37,30,25],"class_list":["post-2406","post","type-post","status-publish","format-standard","hentry","category-uudised","tag-48","tag-kroonika","tag-laagrid-2","tag-uritused"],"_links":{"self":[{"href":"https:\/\/www.hilaro.ee\/wordpress\/wp-json\/wp\/v2\/posts\/2406"}],"collection":[{"href":"https:\/\/www.hilaro.ee\/wordpress\/wp-json\/wp\/v2\/posts"}],"about":[{"href":"https:\/\/www.hilaro.ee\/wordpress\/wp-json\/wp\/v2\/types\/post"}],"author":[{"embeddable":true,"href":"https:\/\/www.hilaro.ee\/wordpress\/wp-json\/wp\/v2\/users\/1"}],"replies":[{"embeddable":true,"href":"https:\/\/www.hilaro.ee\/wordpress\/wp-json\/wp\/v2\/comments?post=2406"}],"version-history":[{"count":5,"href":"https:\/\/www.hilaro.ee\/wordpress\/wp-json\/wp\/v2\/posts\/2406\/revisions"}],"predecessor-version":[{"id":2414,"href":"https:\/\/www.hilaro.ee\/wordpress\/wp-json\/wp\/v2\/posts\/2406\/revisions\/2414"}],"wp:attachment":[{"href":"https:\/\/www.hilaro.ee\/wordpress\/wp-json\/wp\/v2\/media?parent=2406"}],"wp:term":[{"taxonomy":"category","embeddable":true,"href":"https:\/\/www.hilaro.ee\/wordpress\/wp-json\/wp\/v2\/categories?post=2406"},{"taxonomy":"post_tag","embeddable":true,"href":"https:\/\/www.hilaro.ee\/wordpress\/wp-json\/wp\/v2\/tags?post=2406"}],"curies":[{"name":"wp","href":"https:\/\/api.w.org\/{rel}","templated":true}]}}