{"id":1962,"date":"2012-03-18T18:00:07","date_gmt":"2012-03-18T16:00:07","guid":{"rendered":"http:\/\/www.hilaro.ee\/?p=1962"},"modified":"2012-03-20T15:12:57","modified_gmt":"2012-03-20T13:12:57","slug":"emakeelepaeva-kontsert-kandles","status":"publish","type":"post","link":"https:\/\/www.hilaro.ee\/wordpress\/2012\/03\/emakeelepaeva-kontsert-kandles\/","title":{"rendered":"Emakeelep\u00e4eva kontsert Kandles"},"content":{"rendered":"<p><a href=\"http:\/\/www.hilaro.ee\/wordpress\/wp-content\/uploads\/2012\/03\/2012_03_18_hilaro.jpg\"><img loading=\"lazy\" decoding=\"async\" src=\"http:\/\/www.hilaro.ee\/wordpress\/wp-content\/uploads\/2012\/03\/2012_03_18_hilaro-300x156.jpg\" alt=\"\" title=\"2012_03_18_hilaro\" width=\"300\" height=\"156\" class=\"wpimgload alignleft size-medium wp-image-1963 border_magic\" srcset=\"https:\/\/www.hilaro.ee\/wordpress\/wp-content\/uploads\/2012\/03\/2012_03_18_hilaro-300x156.jpg 300w, https:\/\/www.hilaro.ee\/wordpress\/wp-content\/uploads\/2012\/03\/2012_03_18_hilaro.jpg 1000w\" sizes=\"(max-width: 300px) 100vw, 300px\" \/><\/a>18. m\u00e4rtsil 2012 osales Hilaro emakeelep\u00e4evale p\u00fchendatud koorikontserdil Kandles.<br \/>\n<strong>Pressiteatest:<\/strong><br \/>\n<em>Esited\u00e4s 2011. aastaga s\u00fcg\u00fcse t\u00f5s\u00f5l\u00f5 v\u00f5rokeelitside koorilaul\u00f5 konkursil\u00f5 tulnu t\u00f6id ja muud vahts\u00f5mbat v\u00f5rokeelist kooriloomingut. Laul\u00f5tas ka konkursi v\u00f5idulaul &#8220;Veli viih\u00e4d\u00e4n&#8221; (s\u00e4\u00e4de Evelin Seppar, viis ja s\u00f5na R\u00f5ug\u00f5 khk), niisamat\u00f5 Kadri Laanese, Piret Rips-Laulu, Aare Kruusim\u00e4e, Alo Ritsingu, Mari Amori, Mari Kalkuni, P\u00e4rt Uusbergi, Erki Meistri jt laul\u00f5. Om nii seg\u00e4-, miihi-, naisi- ku latsikoorilaul\u00f5, s\u00e4\u00e4lhulgan kogoni kats punklaulu. \u201eTul\u00f5 kirriv konts\u00f5rt. Uma Pido muusikatoimkund uut konts\u00f5rti viil tuuper\u00e4st, et edim\u00e4st k\u00f5rda saa el\u00e4v\u00e4n esit\u00fcsen kull\u00f5lda mitmit laul\u00f5, mid\u00e4 2013. aastaga 1. juunil tul\u00f5val\u00f5 pidol\u00f5 valli kaalumi. Eg\u00e4l kooril omma uma lemmiku joba teg\u00fcn\u00fc. H\u00e4\u00e4, et Uma Pido om h\u00e4rg\u00fct\u00e4n\u00fc ekstra v\u00f5rok\u00f5isi jaos laul\u00f5 luuma nii mitmit muusikit!\u201c k\u00f5n\u00f5l\u00f5s koorijuht Otsari Silja konts\u00f5rti uut\u00f5n.<\/em><br \/>\n<a href=\"https:\/\/picasaweb.google.com\/110355865487749828729\/2012_03_18_Emakeelepaeva_kontsert?authuser=0&#038;authkey=Gv1sRgCNn1ltOJuqjc7QE&#038;feat=directlink\" title=\"Emakeelep\u00e4eva kontserdi pildid\" target=\"_blank\">+Vaata kontserdi pilte<\/a><br \/>\n<a href=\"http:\/\/www.umaleht.ee\/index.php?leht=5466&#038;keel=203\" title=\"Uma Leht\" target=\"_blank\">+Vaata Umast Lehest<\/a><\/p>\n<p>[hr]<\/p>\n","protected":false},"excerpt":{"rendered":"<p>18. m\u00e4rtsil 2012 osales Hilaro emakeelep\u00e4evale p\u00fchendatud koorikontserdil Kandles. Pressiteatest: Esited\u00e4s 2011. aastaga s\u00fcg\u00fcse t\u00f5s\u00f5l\u00f5 v\u00f5rokeelitside koorilaul\u00f5 konkursil\u00f5 tulnu t\u00f6id ja muud vahts\u00f5mbat v\u00f5rokeelist kooriloomingut. Laul\u00f5tas ka konkursi v\u00f5idulaul &#8220;Veli viih\u00e4d\u00e4n&#8221; (s\u00e4\u00e4de Evelin Seppar, viis ja s\u00f5na R\u00f5ug\u00f5 khk), niisamat\u00f5 Kadri Laanese, Piret Rips-Laulu, Aare Kruusim\u00e4e, Alo Ritsingu, Mari Amori, Mari Kalkuni, P\u00e4rt Uusbergi, Erki [&hellip;]<\/p>\n","protected":false},"author":1,"featured_media":0,"comment_status":"open","ping_status":"open","sticky":false,"template":"","format":"standard","meta":{"footnotes":""},"categories":[1],"tags":[48,28,37],"class_list":["post-1962","post","type-post","status-publish","format-standard","hentry","category-uudised","tag-48","tag-kontsert-2","tag-kroonika"],"_links":{"self":[{"href":"https:\/\/www.hilaro.ee\/wordpress\/wp-json\/wp\/v2\/posts\/1962"}],"collection":[{"href":"https:\/\/www.hilaro.ee\/wordpress\/wp-json\/wp\/v2\/posts"}],"about":[{"href":"https:\/\/www.hilaro.ee\/wordpress\/wp-json\/wp\/v2\/types\/post"}],"author":[{"embeddable":true,"href":"https:\/\/www.hilaro.ee\/wordpress\/wp-json\/wp\/v2\/users\/1"}],"replies":[{"embeddable":true,"href":"https:\/\/www.hilaro.ee\/wordpress\/wp-json\/wp\/v2\/comments?post=1962"}],"version-history":[{"count":5,"href":"https:\/\/www.hilaro.ee\/wordpress\/wp-json\/wp\/v2\/posts\/1962\/revisions"}],"predecessor-version":[{"id":1969,"href":"https:\/\/www.hilaro.ee\/wordpress\/wp-json\/wp\/v2\/posts\/1962\/revisions\/1969"}],"wp:attachment":[{"href":"https:\/\/www.hilaro.ee\/wordpress\/wp-json\/wp\/v2\/media?parent=1962"}],"wp:term":[{"taxonomy":"category","embeddable":true,"href":"https:\/\/www.hilaro.ee\/wordpress\/wp-json\/wp\/v2\/categories?post=1962"},{"taxonomy":"post_tag","embeddable":true,"href":"https:\/\/www.hilaro.ee\/wordpress\/wp-json\/wp\/v2\/tags?post=1962"}],"curies":[{"name":"wp","href":"https:\/\/api.w.org\/{rel}","templated":true}]}}