{"id":1664,"date":"2011-10-10T11:08:43","date_gmt":"2011-10-10T08:08:43","guid":{"rendered":"http:\/\/www.hilaro.ee\/?p=1664"},"modified":"2011-10-10T11:09:24","modified_gmt":"2011-10-10T08:09:24","slug":"sangaste-kontserdist-kirjutas-ajaleht-valgamaalane","status":"publish","type":"post","link":"https:\/\/www.hilaro.ee\/wordpress\/2011\/10\/sangaste-kontserdist-kirjutas-ajaleht-valgamaalane\/","title":{"rendered":"Sangaste kontserdist kirjutas ajaleht &#8220;Valgamaalane&#8221;"},"content":{"rendered":"<div id=\"attachment_1666\" style=\"width: 160px\" class=\"wp-caption alignleft\"><a href=\"http:\/\/www.hilaro.ee\/wordpress\/wp-content\/uploads\/2011\/10\/20111004_Valgamaalane2_up.jpg\"><img loading=\"lazy\" decoding=\"async\" aria-describedby=\"caption-attachment-1666\" src=\"http:\/\/www.hilaro.ee\/wordpress\/wp-content\/uploads\/2011\/10\/20111004_Valgamaalane2_up-150x150.jpg\" alt=\"\" title=\"Ajaleht &quot;Valgamaalane&quot; 4. oktoobril 2011\" width=\"150\" height=\"150\" class=\"wpimgload size-thumbnail wp-image-1666\" \/><\/a><p id=\"caption-attachment-1666\" class=\"wp-caption-text\">Ajaleht &quot;Valgamaalane&quot; 4. oktoobril 2011<\/p><\/div>\n<h4>Sangaste s\u00fcnnip\u00e4evakontsert pani laulma ja t\u00f5i pisarad silma<\/h4>\n<p><strong>Ajaleht &#8220;Valgamaalane&#8221; 4. oktoobril 2011<\/strong><br \/>\nRukkivald t\u00e4histab kahek\u00fcmnendat s\u00fcnnip\u00e4eva oktoobris mitme suure \u00fcritusega. Esimene neist oli rahvusvahelisel muusikap\u00e4eval Sangaste kirikus. <\/p>\n<p><em><- Artikli vaatamiseks kl\u00f5psa k\u00f5rvaloleval pildil...<\/em><\/p>\n<p>[hr]<\/p>\n<p><a href=\"http:\/\/www.hilaro.ee\/wordpress\/wp-content\/uploads\/2011\/10\/20111004_Valgamaalane1.jpg\"><img loading=\"lazy\" decoding=\"async\" src=\"http:\/\/www.hilaro.ee\/wordpress\/wp-content\/uploads\/2011\/10\/20111004_Valgamaalane1-297x300.jpg\" alt=\"\" title=\"Pilt kontserdist\" width=\"297\" height=\"300\" class=\"wpimgload alignleft size-medium wp-image-1669\" srcset=\"https:\/\/www.hilaro.ee\/wordpress\/wp-content\/uploads\/2011\/10\/20111004_Valgamaalane1-297x300.jpg 297w, https:\/\/www.hilaro.ee\/wordpress\/wp-content\/uploads\/2011\/10\/20111004_Valgamaalane1.jpg 992w\" sizes=\"(max-width: 297px) 100vw, 297px\" \/><\/a><\/p>\n<p>[hr]<\/p>\n","protected":false},"excerpt":{"rendered":"<p>Sangaste s\u00fcnnip\u00e4evakontsert pani laulma ja t\u00f5i pisarad silma Ajaleht &#8220;Valgamaalane&#8221; 4. oktoobril 2011 Rukkivald t\u00e4histab kahek\u00fcmnendat s\u00fcnnip\u00e4eva oktoobris mitme suure \u00fcritusega. Esimene neist oli rahvusvahelisel muusikap\u00e4eval Sangaste kirikus.<\/p>\n","protected":false},"author":1,"featured_media":0,"comment_status":"open","ping_status":"open","sticky":false,"template":"","format":"standard","meta":{"footnotes":""},"categories":[1],"tags":[27,28,44,32],"class_list":["post-1664","post","type-post","status-publish","format-standard","hentry","category-uudised","tag-27","tag-kontsert-2","tag-meedia","tag-teated"],"_links":{"self":[{"href":"https:\/\/www.hilaro.ee\/wordpress\/wp-json\/wp\/v2\/posts\/1664"}],"collection":[{"href":"https:\/\/www.hilaro.ee\/wordpress\/wp-json\/wp\/v2\/posts"}],"about":[{"href":"https:\/\/www.hilaro.ee\/wordpress\/wp-json\/wp\/v2\/types\/post"}],"author":[{"embeddable":true,"href":"https:\/\/www.hilaro.ee\/wordpress\/wp-json\/wp\/v2\/users\/1"}],"replies":[{"embeddable":true,"href":"https:\/\/www.hilaro.ee\/wordpress\/wp-json\/wp\/v2\/comments?post=1664"}],"version-history":[{"count":5,"href":"https:\/\/www.hilaro.ee\/wordpress\/wp-json\/wp\/v2\/posts\/1664\/revisions"}],"predecessor-version":[{"id":1674,"href":"https:\/\/www.hilaro.ee\/wordpress\/wp-json\/wp\/v2\/posts\/1664\/revisions\/1674"}],"wp:attachment":[{"href":"https:\/\/www.hilaro.ee\/wordpress\/wp-json\/wp\/v2\/media?parent=1664"}],"wp:term":[{"taxonomy":"category","embeddable":true,"href":"https:\/\/www.hilaro.ee\/wordpress\/wp-json\/wp\/v2\/categories?post=1664"},{"taxonomy":"post_tag","embeddable":true,"href":"https:\/\/www.hilaro.ee\/wordpress\/wp-json\/wp\/v2\/tags?post=1664"}],"curies":[{"name":"wp","href":"https:\/\/api.w.org\/{rel}","templated":true}]}}