{"id":10607,"date":"2025-08-20T20:00:00","date_gmt":"2025-08-20T17:00:00","guid":{"rendered":"https:\/\/www.hilaro.ee\/wordpress\/?p=10607"},"modified":"2025-09-16T17:10:12","modified_gmt":"2025-09-16T14:10:12","slug":"jalutuskontsert-voru-linnas","status":"publish","type":"post","link":"https:\/\/www.hilaro.ee\/wordpress\/2025\/08\/jalutuskontsert-voru-linnas\/","title":{"rendered":"Jalutuskontsert V\u00f5ru linnas"},"content":{"rendered":"<section  class='av_textblock_section av-mfmmmy67-89032084aabc9b971b3e14c45fb43a0b '   itemscope=\"itemscope\" itemtype=\"https:\/\/schema.org\/BlogPosting\" itemprop=\"blogPost\" ><div class='avia_textblock'  itemprop=\"text\" ><div class=\"x14z9mp xat24cr x1lziwak x1vvkbs xtlvy1s x126k92a\">\n<div dir=\"auto\"><strong>20. augustil 2025<\/strong> &#8211; taasiseseisvumisp\u00e4eval &#8211; k\u00f5las V\u00f5ru linnas koorimuusika \u2013 toimus V\u00f5ru maakonna laulupidu \u201eHelisev V\u00f5ru\u201c. See polnud lihtsalt kontsert, vaid jalutuskontsert, kus l\u00e4bi V\u00f5ru linna r\u00e4ndasid meie maakonna mudilas-, laste-, nais-, mees- ja segakoorid ning puhkpilliorkestrid.<\/div>\n<\/div>\n<div dir=\"auto\"><\/div>\n<div dir=\"auto\">Vaata jalutuskontserdi video\u00fclevaadet:<\/div>\n<div class=\"x14z9mp xat24cr x1lziwak x1vvkbs xtlvy1s x126k92a\"><\/div>\n<div class=\"x14z9mp xat24cr x1lziwak x1vvkbs xtlvy1s x126k92a\">\n<div dir=\"auto\"><\/div>\n<\/div>\n<\/div><\/section>\n<div  class='avia-video av-mfmmpczt-486a98c0a341b27e4c905f19b5faed20 avia-video-16-9 av-no-preview-image avia-video-load-always av-lazyload-immediate av-lazyload-video-embed'  itemprop=\"video\" itemtype=\"https:\/\/schema.org\/VideoObject\"  data-original_url='https:\/\/youtu.be\/Mp9up4H3-GQ'><script type='text\/html' class='av-video-tmpl'><div class='avia-iframe-wrap'><iframe loading=\"lazy\" title=\"Helisev V\u00f5ru (2025)\" width=\"1500\" height=\"844\" src=\"https:\/\/www.youtube.com\/embed\/Mp9up4H3-GQ?feature=oembed&autoplay=0&loop=0&controls=1&mute=0\" frameborder=\"0\" allow=\"accelerometer; autoplay; clipboard-write; encrypted-media; gyroscope; picture-in-picture; web-share\" referrerpolicy=\"strict-origin-when-cross-origin\" allowfullscreen><\/iframe><\/div><\/script><div class='av-click-to-play-overlay'><div class=\"avia_playpause_icon\"><\/div><\/div><\/div>\n","protected":false},"excerpt":{"rendered":"<p>20. augustil 2025 &#8211; taasiseseisvumisp\u00e4eval &#8211; k\u00f5las V\u00f5ru linnas koorimuusika \u2013 toimus V\u00f5ru maakonna laulupidu \u201eHelisev V\u00f5ru\u201c. See polnud lihtsalt kontsert, vaid jalutuskontsert, kus l\u00e4bi V\u00f5ru linna r\u00e4ndasid meie maakonna mudilas-, laste-, nais-, mees- ja segakoorid ning puhkpilliorkestrid.<\/p>\n","protected":false},"author":1,"featured_media":10608,"comment_status":"open","ping_status":"open","sticky":false,"template":"","format":"standard","meta":{"footnotes":""},"categories":[1],"tags":[122,28,37],"class_list":["post-10607","post","type-post","status-publish","format-standard","has-post-thumbnail","hentry","category-uudised","tag-122","tag-kontsert-2","tag-kroonika"],"_links":{"self":[{"href":"https:\/\/www.hilaro.ee\/wordpress\/wp-json\/wp\/v2\/posts\/10607"}],"collection":[{"href":"https:\/\/www.hilaro.ee\/wordpress\/wp-json\/wp\/v2\/posts"}],"about":[{"href":"https:\/\/www.hilaro.ee\/wordpress\/wp-json\/wp\/v2\/types\/post"}],"author":[{"embeddable":true,"href":"https:\/\/www.hilaro.ee\/wordpress\/wp-json\/wp\/v2\/users\/1"}],"replies":[{"embeddable":true,"href":"https:\/\/www.hilaro.ee\/wordpress\/wp-json\/wp\/v2\/comments?post=10607"}],"version-history":[{"count":1,"href":"https:\/\/www.hilaro.ee\/wordpress\/wp-json\/wp\/v2\/posts\/10607\/revisions"}],"predecessor-version":[{"id":10609,"href":"https:\/\/www.hilaro.ee\/wordpress\/wp-json\/wp\/v2\/posts\/10607\/revisions\/10609"}],"wp:featuredmedia":[{"embeddable":true,"href":"https:\/\/www.hilaro.ee\/wordpress\/wp-json\/wp\/v2\/media\/10608"}],"wp:attachment":[{"href":"https:\/\/www.hilaro.ee\/wordpress\/wp-json\/wp\/v2\/media?parent=10607"}],"wp:term":[{"taxonomy":"category","embeddable":true,"href":"https:\/\/www.hilaro.ee\/wordpress\/wp-json\/wp\/v2\/categories?post=10607"},{"taxonomy":"post_tag","embeddable":true,"href":"https:\/\/www.hilaro.ee\/wordpress\/wp-json\/wp\/v2\/tags?post=10607"}],"curies":[{"name":"wp","href":"https:\/\/api.w.org\/{rel}","templated":true}]}}